{"id":5249,"date":"2025-08-22T00:00:11","date_gmt":"2025-08-21T22:00:11","guid":{"rendered":"http:\/\/soldatenschicksale.de\/?p=5249"},"modified":"2025-05-11T09:56:07","modified_gmt":"2025-05-11T07:56:07","slug":"soldatenschicksale-des-1-weltkrieges-teil-364-hermann-buchelt","status":"publish","type":"post","link":"http:\/\/soldatenschicksale.de\/?p=5249","title":{"rendered":"Soldatenschicksale des 1. Weltkrieges Teil 364: Hermann Buchelt"},"content":{"rendered":"<p>Der Soldat Hermann Buchelt wurde am 30.01.1889 in <a href=\"https:\/\/maps.app.goo.gl\/KeFPFM4o6cQiAGEK9\" target=\"_blank\" rel=\"noopener\">Beuchlitz<\/a> geboren, einem Ortsteil von <a href=\"https:\/\/de.wikipedia.org\/wiki\/Teutschenthal\" target=\"_blank\" rel=\"noopener\">Teutschenthal<\/a> im heutigen Bundesland Sachsen-Anhalt. Im Ersten Weltkrieg k\u00e4mpfte er als Reservist in der 1. Eskadron des 2. Reserve-Husaren-Regiments. Am 23.05.1917 fiel er im Alter von 28 Jahren in der <a href=\"https:\/\/maps.app.goo.gl\/hHvBoTUATfAasdpG8\" target=\"_blank\" rel=\"noopener\">Eichwaldstellung<\/a> n\u00f6rdlich der Stadt <a href=\"https:\/\/de.wikipedia.org\/wiki\/Munster_(Haut-Rhin)\" target=\"_blank\" rel=\"noopener\">M\u00fcnster<\/a> (franz\u00f6sisch: Munster, els\u00e4ssisch: Menschter) w\u00e4hrend der K\u00e4mpfe in den Vogesen.<\/p>\n<p>Man begrub Hermann Buchelt auf dem Soldatenfriedhof <span data-sheets-root=\"1\"><a class=\"in-cell-link\" href=\"https:\/\/www.google.de\/maps\/place\/Ammerschwihr,+Frankreich\/@48.1167085,7.2318824,13z\/data=!3m1!4b1!4m5!3m4!1s0x479161162b7e2d4f:0x40a5fb99a3940d0!8m2!3d48.1256119!4d7.281956\" target=\"_blank\" rel=\"noopener\">Ammerschwihr<\/a><\/span> in Grab 213.<\/p>\n<figure id=\"attachment_3584\" aria-describedby=\"caption-attachment-3584\" style=\"width: 533px\" class=\"wp-caption aligncenter\"><img loading=\"lazy\" decoding=\"async\" class=\"size-full wp-image-3584\" src=\"http:\/\/soldatenschicksale.de\/wp-content\/uploads\/2025\/01\/Hermann-Buchelt.jpg\" alt=\"\" width=\"533\" height=\"800\" srcset=\"http:\/\/soldatenschicksale.de\/wp-content\/uploads\/2025\/01\/Hermann-Buchelt.jpg 533w, http:\/\/soldatenschicksale.de\/wp-content\/uploads\/2025\/01\/Hermann-Buchelt-200x300.jpg 200w\" sizes=\"auto, (max-width: 533px) 85vw, 533px\" \/><figcaption id=\"caption-attachment-3584\" class=\"wp-caption-text\">Das Grab von Hermann Buchelt auf dem Soldatenfriedhof Ammerschwihr<\/figcaption><\/figure>\n","protected":false},"excerpt":{"rendered":"<p>Der Soldat Hermann Buchelt wurde am 30.01.1889 in Beuchlitz geboren, einem Ortsteil von Teutschenthal im heutigen Bundesland Sachsen-Anhalt. Im Ersten Weltkrieg k\u00e4mpfte er als Reservist in der 1. Eskadron des 2. Reserve-Husaren-Regiments. Am 23.05.1917 fiel er im Alter von 28 Jahren in der Eichwaldstellung n\u00f6rdlich der Stadt M\u00fcnster (franz\u00f6sisch: Munster, els\u00e4ssisch: Menschter) w\u00e4hrend der K\u00e4mpfe &hellip; <a href=\"http:\/\/soldatenschicksale.de\/?p=5249\" class=\"more-link\"><span class=\"screen-reader-text\">\u201eSoldatenschicksale des 1. Weltkrieges Teil 364: Hermann Buchelt\u201c <\/span>weiterlesen<\/a><\/p>\n","protected":false},"author":2,"featured_media":0,"comment_status":"closed","ping_status":"open","sticky":false,"template":"","format":"standard","meta":{"footnotes":"","_wp_rev_ctl_limit":""},"categories":[1007,76,988,468],"tags":[1917,1479,1915,1918,303,78,990,1526,1486,1166,1145,1916,306,239],"class_list":["post-5249","post","type-post","status-publish","format-standard","hentry","category-1-weltkrieg","category-frankreich","category-grand-est","category-vogesen-elsass","tag-2-reserve-husaren-regiment","tag-ammerschwihr","tag-beuchlitz","tag-eichwaldstellung","tag-elsass","tag-frankreich","tag-grand-est","tag-menschter","tag-muenster","tag-reservist","tag-sachsen-anhalt","tag-teutschenthal","tag-vogesen","tag-westfront"],"_links":{"self":[{"href":"http:\/\/soldatenschicksale.de\/index.php?rest_route=\/wp\/v2\/posts\/5249","targetHints":{"allow":["GET"]}}],"collection":[{"href":"http:\/\/soldatenschicksale.de\/index.php?rest_route=\/wp\/v2\/posts"}],"about":[{"href":"http:\/\/soldatenschicksale.de\/index.php?rest_route=\/wp\/v2\/types\/post"}],"author":[{"embeddable":true,"href":"http:\/\/soldatenschicksale.de\/index.php?rest_route=\/wp\/v2\/users\/2"}],"replies":[{"embeddable":true,"href":"http:\/\/soldatenschicksale.de\/index.php?rest_route=%2Fwp%2Fv2%2Fcomments&post=5249"}],"version-history":[{"count":3,"href":"http:\/\/soldatenschicksale.de\/index.php?rest_route=\/wp\/v2\/posts\/5249\/revisions"}],"predecessor-version":[{"id":5255,"href":"http:\/\/soldatenschicksale.de\/index.php?rest_route=\/wp\/v2\/posts\/5249\/revisions\/5255"}],"wp:attachment":[{"href":"http:\/\/soldatenschicksale.de\/index.php?rest_route=%2Fwp%2Fv2%2Fmedia&parent=5249"}],"wp:term":[{"taxonomy":"category","embeddable":true,"href":"http:\/\/soldatenschicksale.de\/index.php?rest_route=%2Fwp%2Fv2%2Fcategories&post=5249"},{"taxonomy":"post_tag","embeddable":true,"href":"http:\/\/soldatenschicksale.de\/index.php?rest_route=%2Fwp%2Fv2%2Ftags&post=5249"}],"curies":[{"name":"wp","href":"https:\/\/api.w.org\/{rel}","templated":true}]}}