{"id":5256,"date":"2025-08-23T00:00:10","date_gmt":"2025-08-22T22:00:10","guid":{"rendered":"http:\/\/soldatenschicksale.de\/?p=5256"},"modified":"2025-05-11T10:14:53","modified_gmt":"2025-05-11T08:14:53","slug":"soldatenschicksale-des-1-weltkrieges-teil-365-daniel-schramm","status":"publish","type":"post","link":"http:\/\/soldatenschicksale.de\/?p=5256","title":{"rendered":"Soldatenschicksale des 1. Weltkrieges Teil 365: Daniel Schramm"},"content":{"rendered":"<p>Der Soldat Daniel Schramm stammte aus <a href=\"https:\/\/de.wikipedia.org\/wiki\/Weidenthal_(Begriffskl%C3%A4rung)\" target=\"_blank\" rel=\"noopener\">Weidenthal<\/a>. Im Ersten Weltkrieg k\u00e4mpfte er als Pionier in der 303. bayerischen Minenwerfer-Kompanie. Am 20.05.1918 verungl\u00fcckte er t\u00f6dlich.<\/p>\n<p>Man begrub Daniel Schramm auf dem Soldatenfriedhof <span data-sheets-root=\"1\"><a class=\"in-cell-link\" href=\"https:\/\/www.google.de\/maps\/place\/Ammerschwihr,+Frankreich\/@48.1167085,7.2318824,13z\/data=!3m1!4b1!4m5!3m4!1s0x479161162b7e2d4f:0x40a5fb99a3940d0!8m2!3d48.1256119!4d7.281956\" target=\"_blank\" rel=\"noopener\">Ammerschwihr<\/a><\/span> in Grab 255.<\/p>\n<figure id=\"attachment_3586\" aria-describedby=\"caption-attachment-3586\" style=\"width: 656px\" class=\"wp-caption aligncenter\"><img loading=\"lazy\" decoding=\"async\" class=\"size-full wp-image-3586\" src=\"http:\/\/soldatenschicksale.de\/wp-content\/uploads\/2025\/01\/Daniel-Schramm-Jakob-Maier.jpg\" alt=\"\" width=\"656\" height=\"800\" srcset=\"http:\/\/soldatenschicksale.de\/wp-content\/uploads\/2025\/01\/Daniel-Schramm-Jakob-Maier.jpg 656w, http:\/\/soldatenschicksale.de\/wp-content\/uploads\/2025\/01\/Daniel-Schramm-Jakob-Maier-246x300.jpg 246w\" sizes=\"auto, (max-width: 709px) 85vw, (max-width: 909px) 67vw, (max-width: 984px) 61vw, (max-width: 1362px) 45vw, 600px\" \/><figcaption id=\"caption-attachment-3586\" class=\"wp-caption-text\">Das Grab von Daniel Schramm und Jakob Maier auf dem Soldatenfriedhof Ammerschwihr<\/figcaption><\/figure>\n<figure id=\"attachment_3650\" aria-describedby=\"caption-attachment-3650\" style=\"width: 608px\" class=\"wp-caption aligncenter\"><img loading=\"lazy\" decoding=\"async\" class=\"wp-image-3650 size-full\" src=\"http:\/\/soldatenschicksale.de\/wp-content\/uploads\/2025\/01\/Daniel-Schramm-alter-Grabstein.jpg\" alt=\"\" width=\"608\" height=\"1000\" srcset=\"http:\/\/soldatenschicksale.de\/wp-content\/uploads\/2025\/01\/Daniel-Schramm-alter-Grabstein.jpg 608w, http:\/\/soldatenschicksale.de\/wp-content\/uploads\/2025\/01\/Daniel-Schramm-alter-Grabstein-182x300.jpg 182w\" sizes=\"auto, (max-width: 709px) 85vw, (max-width: 909px) 67vw, (max-width: 984px) 61vw, (max-width: 1362px) 45vw, 600px\" \/><figcaption id=\"caption-attachment-3650\" class=\"wp-caption-text\">Der ehemalige Grabstein von Daniel Schramm auf dem Soldatenfriedhof Ammerschwihr<\/figcaption><\/figure>\n","protected":false},"excerpt":{"rendered":"<p>Der Soldat Daniel Schramm stammte aus Weidenthal. Im Ersten Weltkrieg k\u00e4mpfte er als Pionier in der 303. bayerischen Minenwerfer-Kompanie. Am 20.05.1918 verungl\u00fcckte er t\u00f6dlich. Man begrub Daniel Schramm auf dem Soldatenfriedhof Ammerschwihr in Grab 255.<\/p>\n","protected":false},"author":2,"featured_media":0,"comment_status":"closed","ping_status":"open","sticky":false,"template":"","format":"standard","meta":{"footnotes":"","_wp_rev_ctl_limit":""},"categories":[1007,76,988,468,75],"tags":[1920,1479,21,457,858,1919],"class_list":["post-5256","post","type-post","status-publish","format-standard","hentry","category-1-weltkrieg","category-frankreich","category-grand-est","category-vogesen-elsass","category-westfront","tag-303-bayerische-minenwerfer-kompanie","tag-ammerschwihr","tag-bayern","tag-pionier","tag-toedlich-verunglueckt","tag-weidenthal"],"_links":{"self":[{"href":"http:\/\/soldatenschicksale.de\/index.php?rest_route=\/wp\/v2\/posts\/5256","targetHints":{"allow":["GET"]}}],"collection":[{"href":"http:\/\/soldatenschicksale.de\/index.php?rest_route=\/wp\/v2\/posts"}],"about":[{"href":"http:\/\/soldatenschicksale.de\/index.php?rest_route=\/wp\/v2\/types\/post"}],"author":[{"embeddable":true,"href":"http:\/\/soldatenschicksale.de\/index.php?rest_route=\/wp\/v2\/users\/2"}],"replies":[{"embeddable":true,"href":"http:\/\/soldatenschicksale.de\/index.php?rest_route=%2Fwp%2Fv2%2Fcomments&post=5256"}],"version-history":[{"count":3,"href":"http:\/\/soldatenschicksale.de\/index.php?rest_route=\/wp\/v2\/posts\/5256\/revisions"}],"predecessor-version":[{"id":5260,"href":"http:\/\/soldatenschicksale.de\/index.php?rest_route=\/wp\/v2\/posts\/5256\/revisions\/5260"}],"wp:attachment":[{"href":"http:\/\/soldatenschicksale.de\/index.php?rest_route=%2Fwp%2Fv2%2Fmedia&parent=5256"}],"wp:term":[{"taxonomy":"category","embeddable":true,"href":"http:\/\/soldatenschicksale.de\/index.php?rest_route=%2Fwp%2Fv2%2Fcategories&post=5256"},{"taxonomy":"post_tag","embeddable":true,"href":"http:\/\/soldatenschicksale.de\/index.php?rest_route=%2Fwp%2Fv2%2Ftags&post=5256"}],"curies":[{"name":"wp","href":"https:\/\/api.w.org\/{rel}","templated":true}]}}