{"id":5278,"date":"2025-08-27T00:00:12","date_gmt":"2025-08-26T22:00:12","guid":{"rendered":"http:\/\/soldatenschicksale.de\/?p=5278"},"modified":"2025-05-13T06:42:32","modified_gmt":"2025-05-13T04:42:32","slug":"soldatenschicksale-des-1-weltkrieges-teil-369-sebastian-pletschacher","status":"publish","type":"post","link":"http:\/\/soldatenschicksale.de\/?p=5278","title":{"rendered":"Soldatenschicksale des 1. Weltkrieges Teil 369: Sebastian Pletschacher"},"content":{"rendered":"<p>Der Soldat Sebastian Pletschacher stammte aus der bayerischen Gemeinde <a href=\"https:\/\/de.wikipedia.org\/wiki\/Schleching\" target=\"_blank\" rel=\"noopener\">Schleching<\/a>. Er k\u00e4mpfte im Ersten Weltkrieg als Sergant. Am 16.06.1918 fiel er w\u00e4hrend der K\u00e4mpfe in den Vogesen n\u00f6rdlich der Stadt <a href=\"https:\/\/de.wikipedia.org\/wiki\/Munster_(Haut-Rhin)\" target=\"_blank\" rel=\"noopener\">M\u00fcnster<\/a> (franz\u00f6sisch: Munster, els\u00e4ssisch: Menschter).<\/p>\n<p>Man begrub Sebastian Pletschacher auf dem Soldatenfriedhof <span data-sheets-root=\"1\"><a class=\"in-cell-link\" href=\"https:\/\/www.google.de\/maps\/place\/Ammerschwihr,+Frankreich\/@48.1167085,7.2318824,13z\/data=!3m1!4b1!4m5!3m4!1s0x479161162b7e2d4f:0x40a5fb99a3940d0!8m2!3d48.1256119!4d7.281956\" target=\"_blank\" rel=\"noopener\">Ammerschwihr<\/a><\/span> in Grab 259.<\/p>\n<p>In seiner Heimatgemeinde Schleching gedenkt man Sebastian Pletschacher noch heute auf einem Denkmal: <a href=\"http:\/\/www.denkmalprojekt.org\/2022\/schleching_lk-traunstein_wk1_wk2_by.html\" target=\"_blank\" rel=\"noopener\">http:\/\/www.denkmalprojekt.org\/2022\/schleching_lk-traunstein_wk1_wk2_by.html<\/a><\/p>\n<figure id=\"attachment_3589\" aria-describedby=\"caption-attachment-3589\" style=\"width: 581px\" class=\"wp-caption aligncenter\"><img loading=\"lazy\" decoding=\"async\" class=\"size-full wp-image-3589\" src=\"http:\/\/soldatenschicksale.de\/wp-content\/uploads\/2025\/01\/Sebastian-Pletschacher-Johann-Wacker.jpg\" alt=\"\" width=\"581\" height=\"800\" srcset=\"http:\/\/soldatenschicksale.de\/wp-content\/uploads\/2025\/01\/Sebastian-Pletschacher-Johann-Wacker.jpg 581w, http:\/\/soldatenschicksale.de\/wp-content\/uploads\/2025\/01\/Sebastian-Pletschacher-Johann-Wacker-218x300.jpg 218w\" sizes=\"auto, (max-width: 581px) 85vw, 581px\" \/><figcaption id=\"caption-attachment-3589\" class=\"wp-caption-text\">Das Grab von Sebastian Pletschacher und Johann Wacker<\/figcaption><\/figure>\n","protected":false},"excerpt":{"rendered":"<p>Der Soldat Sebastian Pletschacher stammte aus der bayerischen Gemeinde Schleching. Er k\u00e4mpfte im Ersten Weltkrieg als Sergant. Am 16.06.1918 fiel er w\u00e4hrend der K\u00e4mpfe in den Vogesen n\u00f6rdlich der Stadt M\u00fcnster (franz\u00f6sisch: Munster, els\u00e4ssisch: Menschter). Man begrub Sebastian Pletschacher auf dem Soldatenfriedhof Ammerschwihr in Grab 259. In seiner Heimatgemeinde Schleching gedenkt man Sebastian Pletschacher noch &hellip; <a href=\"http:\/\/soldatenschicksale.de\/?p=5278\" class=\"more-link\"><span class=\"screen-reader-text\">\u201eSoldatenschicksale des 1. Weltkrieges Teil 369: Sebastian Pletschacher\u201c <\/span>weiterlesen<\/a><\/p>\n","protected":false},"author":2,"featured_media":0,"comment_status":"closed","ping_status":"open","sticky":false,"template":"","format":"standard","meta":{"footnotes":"","_wp_rev_ctl_limit":""},"categories":[1007,76,988,468,75],"tags":[1479,21,30,303,78,990,1526,1486,1494,1293,306,239],"class_list":["post-5278","post","type-post","status-publish","format-standard","hentry","category-1-weltkrieg","category-frankreich","category-grand-est","category-vogesen-elsass","category-westfront","tag-ammerschwihr","tag-bayern","tag-denkmal","tag-elsass","tag-frankreich","tag-grand-est","tag-menschter","tag-muenster","tag-schleching","tag-sergant","tag-vogesen","tag-westfront"],"_links":{"self":[{"href":"http:\/\/soldatenschicksale.de\/index.php?rest_route=\/wp\/v2\/posts\/5278","targetHints":{"allow":["GET"]}}],"collection":[{"href":"http:\/\/soldatenschicksale.de\/index.php?rest_route=\/wp\/v2\/posts"}],"about":[{"href":"http:\/\/soldatenschicksale.de\/index.php?rest_route=\/wp\/v2\/types\/post"}],"author":[{"embeddable":true,"href":"http:\/\/soldatenschicksale.de\/index.php?rest_route=\/wp\/v2\/users\/2"}],"replies":[{"embeddable":true,"href":"http:\/\/soldatenschicksale.de\/index.php?rest_route=%2Fwp%2Fv2%2Fcomments&post=5278"}],"version-history":[{"count":3,"href":"http:\/\/soldatenschicksale.de\/index.php?rest_route=\/wp\/v2\/posts\/5278\/revisions"}],"predecessor-version":[{"id":5283,"href":"http:\/\/soldatenschicksale.de\/index.php?rest_route=\/wp\/v2\/posts\/5278\/revisions\/5283"}],"wp:attachment":[{"href":"http:\/\/soldatenschicksale.de\/index.php?rest_route=%2Fwp%2Fv2%2Fmedia&parent=5278"}],"wp:term":[{"taxonomy":"category","embeddable":true,"href":"http:\/\/soldatenschicksale.de\/index.php?rest_route=%2Fwp%2Fv2%2Fcategories&post=5278"},{"taxonomy":"post_tag","embeddable":true,"href":"http:\/\/soldatenschicksale.de\/index.php?rest_route=%2Fwp%2Fv2%2Ftags&post=5278"}],"curies":[{"name":"wp","href":"https:\/\/api.w.org\/{rel}","templated":true}]}}