{"id":5291,"date":"2025-08-29T00:00:16","date_gmt":"2025-08-28T22:00:16","guid":{"rendered":"http:\/\/soldatenschicksale.de\/?p=5291"},"modified":"2025-05-14T10:11:36","modified_gmt":"2025-05-14T08:11:36","slug":"soldatenschicksale-des-1-weltkrieges-teil-371-christian-scheidt","status":"publish","type":"post","link":"http:\/\/soldatenschicksale.de\/?p=5291","title":{"rendered":"Soldatenschicksale des 1. Weltkrieges Teil 371: Christian Scheidt"},"content":{"rendered":"<p>Der Soldat Christian Scheidt stammte aus <a href=\"https:\/\/de.wikipedia.org\/wiki\/R%C3%B6%C3%9Fleinsdorf\" target=\"_blank\" rel=\"noopener\">R\u00f6\u00dfleinsdorf<\/a>, heute ein Teil der der bayerischen Stadt <a href=\"https:\/\/de.wikipedia.org\/wiki\/Neustadt_an_der_Aisch\" target=\"_blank\" rel=\"noopener\">Neustadt an der Aisch<\/a>. Im Ersten Weltkrieg k\u00e4mpfte er als Landsturmmann. Am 21.06.1918 fiel er n\u00f6rdlich der Stadt <a href=\"https:\/\/de.wikipedia.org\/wiki\/Munster_(Haut-Rhin)\" target=\"_blank\" rel=\"noopener\">M\u00fcnster<\/a> (franz\u00f6sisch: Munster, els\u00e4ssisch: Menschter) w\u00e4hrend der Vogesenk\u00e4mpfe.<\/p>\n<p>Man begrub Christian Scheidt auf dem Soldatenfriedhof <span data-sheets-root=\"1\"><a class=\"in-cell-link\" href=\"https:\/\/www.google.de\/maps\/place\/Ammerschwihr,+Frankreich\/@48.1167085,7.2318824,13z\/data=!3m1!4b1!4m5!3m4!1s0x479161162b7e2d4f:0x40a5fb99a3940d0!8m2!3d48.1256119!4d7.281956\" target=\"_blank\" rel=\"noopener\">Ammerschwihr<\/a><\/span> in Grab 261.<\/p>\n<p>In seiner Heimatstadt Neustadt an der Aisch gedenkt man Christian Scheidt noch heute auf einem Denkmal: <a href=\"http:\/\/www.denkmalprojekt.org\/2024\/neustadt-ada_lk-neustadt-ada-bad-windsheim_wk1_by.html\" target=\"_blank\" rel=\"noopener\">http:\/\/www.denkmalprojekt.org\/2024\/neustadt-ada_lk-neustadt-ada-bad-windsheim_wk1_by.html<\/a><\/p>\n<figure id=\"attachment_3588\" aria-describedby=\"caption-attachment-3588\" style=\"width: 539px\" class=\"wp-caption aligncenter\"><img loading=\"lazy\" decoding=\"async\" class=\"size-full wp-image-3588\" src=\"http:\/\/soldatenschicksale.de\/wp-content\/uploads\/2025\/01\/Christian-Scheidt.jpg\" alt=\"\" width=\"539\" height=\"800\" srcset=\"http:\/\/soldatenschicksale.de\/wp-content\/uploads\/2025\/01\/Christian-Scheidt.jpg 539w, http:\/\/soldatenschicksale.de\/wp-content\/uploads\/2025\/01\/Christian-Scheidt-202x300.jpg 202w\" sizes=\"auto, (max-width: 539px) 85vw, 539px\" \/><figcaption id=\"caption-attachment-3588\" class=\"wp-caption-text\">Das Grab von Christian Scheidt auf dem Soldatenfriedhof Ammerschwihr<\/figcaption><\/figure>\n","protected":false},"excerpt":{"rendered":"<p>Der Soldat Christian Scheidt stammte aus R\u00f6\u00dfleinsdorf, heute ein Teil der der bayerischen Stadt Neustadt an der Aisch. Im Ersten Weltkrieg k\u00e4mpfte er als Landsturmmann. Am 21.06.1918 fiel er n\u00f6rdlich der Stadt M\u00fcnster (franz\u00f6sisch: Munster, els\u00e4ssisch: Menschter) w\u00e4hrend der Vogesenk\u00e4mpfe. Man begrub Christian Scheidt auf dem Soldatenfriedhof Ammerschwihr in Grab 261. In seiner Heimatstadt Neustadt &hellip; <a href=\"http:\/\/soldatenschicksale.de\/?p=5291\" class=\"more-link\"><span class=\"screen-reader-text\">\u201eSoldatenschicksale des 1. Weltkrieges Teil 371: Christian Scheidt\u201c <\/span>weiterlesen<\/a><\/p>\n","protected":false},"author":2,"featured_media":0,"comment_status":"closed","ping_status":"open","sticky":false,"template":"","format":"standard","meta":{"footnotes":"","_wp_rev_ctl_limit":""},"categories":[1007,76,988,468,75],"tags":[1479,21,30,303,78,990,1094,1526,1486,1927,1925,1926,306,239],"class_list":["post-5291","post","type-post","status-publish","format-standard","hentry","category-1-weltkrieg","category-frankreich","category-grand-est","category-vogesen-elsass","category-westfront","tag-ammerschwihr","tag-bayern","tag-denkmal","tag-elsass","tag-frankreich","tag-grand-est","tag-landsturmmann","tag-menschter","tag-muenster","tag-neustadt-an-der-aisch","tag-roessleindorf","tag-roessleinsdorf","tag-vogesen","tag-westfront"],"_links":{"self":[{"href":"http:\/\/soldatenschicksale.de\/index.php?rest_route=\/wp\/v2\/posts\/5291","targetHints":{"allow":["GET"]}}],"collection":[{"href":"http:\/\/soldatenschicksale.de\/index.php?rest_route=\/wp\/v2\/posts"}],"about":[{"href":"http:\/\/soldatenschicksale.de\/index.php?rest_route=\/wp\/v2\/types\/post"}],"author":[{"embeddable":true,"href":"http:\/\/soldatenschicksale.de\/index.php?rest_route=\/wp\/v2\/users\/2"}],"replies":[{"embeddable":true,"href":"http:\/\/soldatenschicksale.de\/index.php?rest_route=%2Fwp%2Fv2%2Fcomments&post=5291"}],"version-history":[{"count":3,"href":"http:\/\/soldatenschicksale.de\/index.php?rest_route=\/wp\/v2\/posts\/5291\/revisions"}],"predecessor-version":[{"id":5297,"href":"http:\/\/soldatenschicksale.de\/index.php?rest_route=\/wp\/v2\/posts\/5291\/revisions\/5297"}],"wp:attachment":[{"href":"http:\/\/soldatenschicksale.de\/index.php?rest_route=%2Fwp%2Fv2%2Fmedia&parent=5291"}],"wp:term":[{"taxonomy":"category","embeddable":true,"href":"http:\/\/soldatenschicksale.de\/index.php?rest_route=%2Fwp%2Fv2%2Fcategories&post=5291"},{"taxonomy":"post_tag","embeddable":true,"href":"http:\/\/soldatenschicksale.de\/index.php?rest_route=%2Fwp%2Fv2%2Ftags&post=5291"}],"curies":[{"name":"wp","href":"https:\/\/api.w.org\/{rel}","templated":true}]}}