{"id":5347,"date":"2025-09-07T00:00:04","date_gmt":"2025-09-06T22:00:04","guid":{"rendered":"http:\/\/soldatenschicksale.de\/?p=5347"},"modified":"2025-05-18T07:19:29","modified_gmt":"2025-05-18T05:19:29","slug":"soldatenschicksale-des-1-weltkrieges-teil-380-friedrich-behrens","status":"publish","type":"post","link":"http:\/\/soldatenschicksale.de\/?p=5347","title":{"rendered":"Soldatenschicksale des 1. Weltkrieges Teil 380: Wendelin Steiner"},"content":{"rendered":"<p>Der Soldat Friedrich Behrens stammte aus <a href=\"https:\/\/de.wikipedia.org\/wiki\/Pogrodzie\" target=\"_blank\" rel=\"noopener\">Neukirch-H\u00f6he<\/a> (seit 1945 polnisch: Pogrodzie). Er k\u00e4mpfte im Ersten Weltkrieg als J\u00e4ger in der 4. Kompanie des Garde-J\u00e4ger-Bataillons. Am 20.07.1916 wurde er w\u00e4hrend der K\u00e4mpfe in den Vogesen im Elsass am <a href=\"https:\/\/de.wikipedia.org\/wiki\/Hartmannswillerkopf\" target=\"_blank\" rel=\"noopener\">Hartmannsweilerkopf<\/a> (franz\u00f6sisch: Vieil Armand) schwer verwundet. 17 Tage sp\u00e4ter, am 06.08.1916, starb er im Landwehr-Feldlazarett <a href=\"https:\/\/de.wikipedia.org\/wiki\/Ensisheim\" target=\"_blank\" rel=\"noopener\">Ensisheim<\/a> an seinen Wunden.<\/p>\n<p>Man begrub Wendelin Steiner auf dem Soldatenfriedhof <span data-sheets-root=\"1\"><a class=\"in-cell-link\" href=\"https:\/\/goo.gl\/maps\/Qd3rYtwRFgE2\" target=\"_blank\" rel=\"noopener\">Guebwiller<\/a><\/span> in Block 3, Grab 5.<\/p>\n<figure id=\"attachment_5348\" aria-describedby=\"caption-attachment-5348\" style=\"width: 512px\" class=\"wp-caption aligncenter\"><img loading=\"lazy\" decoding=\"async\" class=\"wp-image-5348 size-full\" src=\"http:\/\/soldatenschicksale.de\/wp-content\/uploads\/2025\/05\/Wendelin-Steiner.jpg\" alt=\"\" width=\"512\" height=\"800\" srcset=\"http:\/\/soldatenschicksale.de\/wp-content\/uploads\/2025\/05\/Wendelin-Steiner.jpg 512w, http:\/\/soldatenschicksale.de\/wp-content\/uploads\/2025\/05\/Wendelin-Steiner-192x300.jpg 192w\" sizes=\"auto, (max-width: 512px) 85vw, 512px\" \/><figcaption id=\"caption-attachment-5348\" class=\"wp-caption-text\">Das Grab von Friedrich Behrens auf dem Soldatenfriedhof Guebwiller<\/figcaption><\/figure>\n","protected":false},"excerpt":{"rendered":"<p>Der Soldat Friedrich Behrens stammte aus Neukirch-H\u00f6he (seit 1945 polnisch: Pogrodzie). Er k\u00e4mpfte im Ersten Weltkrieg als J\u00e4ger in der 4. Kompanie des Garde-J\u00e4ger-Bataillons. Am 20.07.1916 wurde er w\u00e4hrend der K\u00e4mpfe in den Vogesen im Elsass am Hartmannsweilerkopf (franz\u00f6sisch: Vieil Armand) schwer verwundet. 17 Tage sp\u00e4ter, am 06.08.1916, starb er im Landwehr-Feldlazarett Ensisheim an seinen &hellip; <a href=\"http:\/\/soldatenschicksale.de\/?p=5347\" class=\"more-link\"><span class=\"screen-reader-text\">\u201eSoldatenschicksale des 1. Weltkrieges Teil 380: Wendelin Steiner\u201c <\/span>weiterlesen<\/a><\/p>\n","protected":false},"author":2,"featured_media":0,"comment_status":"closed","ping_status":"open","sticky":false,"template":"","format":"standard","meta":{"footnotes":"","_wp_rev_ctl_limit":""},"categories":[1007,76,988,468,75],"tags":[303,316,78,1508,990,1939,1941,1942,155,1938,1940,355,1943,306,239],"class_list":["post-5347","post","type-post","status-publish","format-standard","hentry","category-1-weltkrieg","category-frankreich","category-grand-est","category-vogesen-elsass","category-westfront","tag-elsass","tag-ensisheim","tag-frankreich","tag-garde-jaeger-bataillon","tag-grand-est","tag-guebwiller","tag-hartmannsweilerkopf","tag-hartmannswillerkopf","tag-jaeger","tag-neukirch-hoehe","tag-pogrodzie","tag-schwer-verwundet","tag-vieil-armand","tag-vogesen","tag-westfront"],"_links":{"self":[{"href":"http:\/\/soldatenschicksale.de\/index.php?rest_route=\/wp\/v2\/posts\/5347","targetHints":{"allow":["GET"]}}],"collection":[{"href":"http:\/\/soldatenschicksale.de\/index.php?rest_route=\/wp\/v2\/posts"}],"about":[{"href":"http:\/\/soldatenschicksale.de\/index.php?rest_route=\/wp\/v2\/types\/post"}],"author":[{"embeddable":true,"href":"http:\/\/soldatenschicksale.de\/index.php?rest_route=\/wp\/v2\/users\/2"}],"replies":[{"embeddable":true,"href":"http:\/\/soldatenschicksale.de\/index.php?rest_route=%2Fwp%2Fv2%2Fcomments&post=5347"}],"version-history":[{"count":3,"href":"http:\/\/soldatenschicksale.de\/index.php?rest_route=\/wp\/v2\/posts\/5347\/revisions"}],"predecessor-version":[{"id":5354,"href":"http:\/\/soldatenschicksale.de\/index.php?rest_route=\/wp\/v2\/posts\/5347\/revisions\/5354"}],"wp:attachment":[{"href":"http:\/\/soldatenschicksale.de\/index.php?rest_route=%2Fwp%2Fv2%2Fmedia&parent=5347"}],"wp:term":[{"taxonomy":"category","embeddable":true,"href":"http:\/\/soldatenschicksale.de\/index.php?rest_route=%2Fwp%2Fv2%2Fcategories&post=5347"},{"taxonomy":"post_tag","embeddable":true,"href":"http:\/\/soldatenschicksale.de\/index.php?rest_route=%2Fwp%2Fv2%2Ftags&post=5347"}],"curies":[{"name":"wp","href":"https:\/\/api.w.org\/{rel}","templated":true}]}}