{"id":5369,"date":"2025-09-10T00:00:30","date_gmt":"2025-09-09T22:00:30","guid":{"rendered":"http:\/\/soldatenschicksale.de\/?p=5369"},"modified":"2025-05-18T10:27:26","modified_gmt":"2025-05-18T08:27:26","slug":"soldatenschicksale-des-1-weltkrieges-teil-383-erhard-gruendler","status":"publish","type":"post","link":"http:\/\/soldatenschicksale.de\/?p=5369","title":{"rendered":"Soldatenschicksale des 1. Weltkrieges Teil 383: Erhard Gr\u00fcndler"},"content":{"rendered":"<p>Der Soldat Erhard Gr\u00fcndler stammte aus der bayerischen Stadt <a href=\"https:\/\/de.wikipedia.org\/wiki\/Burgau\" target=\"_blank\" rel=\"noopener\">Burgau<\/a>. Im Ersten Weltkrieg k\u00e4mpfte er als Vizefeldwebel und Offizier-Aspirant. Am 01.09.1917 verungl\u00fcckte er n\u00f6rdlich der Stadt <a href=\"https:\/\/de.wikipedia.org\/wiki\/Munster_(Haut-Rhin)\" target=\"_blank\" rel=\"noopener\">M\u00fcnster<\/a> (franz\u00f6sisch: Munster, els\u00e4ssisch: Menschter) t\u00f6dlich.<\/p>\n<p>Man begrub Erhard Gr\u00fcndler auf dem Soldatenfriedhof <span data-sheets-root=\"1\"><a class=\"in-cell-link\" href=\"https:\/\/www.google.de\/maps\/place\/Ammerschwihr,+Frankreich\/@48.1167085,7.2318824,13z\/data=!3m1!4b1!4m5!3m4!1s0x479161162b7e2d4f:0x40a5fb99a3940d0!8m2!3d48.1256119!4d7.281956\" target=\"_blank\" rel=\"noopener\">Ammerschwihr<\/a><\/span> in Grab 208.<\/p>\n<figure id=\"attachment_3601\" aria-describedby=\"caption-attachment-3601\" style=\"width: 556px\" class=\"wp-caption aligncenter\"><img loading=\"lazy\" decoding=\"async\" class=\"size-full wp-image-3601\" src=\"http:\/\/soldatenschicksale.de\/wp-content\/uploads\/2025\/01\/Erhard-Gruendler.jpg\" alt=\"\" width=\"556\" height=\"800\" srcset=\"http:\/\/soldatenschicksale.de\/wp-content\/uploads\/2025\/01\/Erhard-Gruendler.jpg 556w, http:\/\/soldatenschicksale.de\/wp-content\/uploads\/2025\/01\/Erhard-Gruendler-209x300.jpg 209w\" sizes=\"auto, (max-width: 556px) 85vw, 556px\" \/><figcaption id=\"caption-attachment-3601\" class=\"wp-caption-text\">Das Grab von Erhard Gr\u00fcndler auf dem Soldatenfriedhof Ammerschwihr<\/figcaption><\/figure>\n","protected":false},"excerpt":{"rendered":"<p>Der Soldat Erhard Gr\u00fcndler stammte aus der bayerischen Stadt Burgau. Im Ersten Weltkrieg k\u00e4mpfte er als Vizefeldwebel und Offizier-Aspirant. Am 01.09.1917 verungl\u00fcckte er n\u00f6rdlich der Stadt M\u00fcnster (franz\u00f6sisch: Munster, els\u00e4ssisch: Menschter) t\u00f6dlich. Man begrub Erhard Gr\u00fcndler auf dem Soldatenfriedhof Ammerschwihr in Grab 208.<\/p>\n","protected":false},"author":2,"featured_media":0,"comment_status":"closed","ping_status":"open","sticky":false,"template":"","format":"standard","meta":{"footnotes":"","_wp_rev_ctl_limit":""},"categories":[1007,76,988,468,75],"tags":[1479,1758,21,1952,303,78,990,1526,1486,986,1726,858,1047,306,239],"class_list":["post-5369","post","type-post","status-publish","format-standard","hentry","category-1-weltkrieg","category-frankreich","category-grand-est","category-vogesen-elsass","category-westfront","tag-ammerschwihr","tag-aoffiziersaspirant","tag-bayern","tag-burgau","tag-elsass","tag-frankreich","tag-grand-est","tag-menschter","tag-muenster","tag-offiziersanwaerter","tag-schwaben","tag-toedlich-verunglueckt","tag-vizefeldwebel","tag-vogesen","tag-westfront"],"_links":{"self":[{"href":"http:\/\/soldatenschicksale.de\/index.php?rest_route=\/wp\/v2\/posts\/5369","targetHints":{"allow":["GET"]}}],"collection":[{"href":"http:\/\/soldatenschicksale.de\/index.php?rest_route=\/wp\/v2\/posts"}],"about":[{"href":"http:\/\/soldatenschicksale.de\/index.php?rest_route=\/wp\/v2\/types\/post"}],"author":[{"embeddable":true,"href":"http:\/\/soldatenschicksale.de\/index.php?rest_route=\/wp\/v2\/users\/2"}],"replies":[{"embeddable":true,"href":"http:\/\/soldatenschicksale.de\/index.php?rest_route=%2Fwp%2Fv2%2Fcomments&post=5369"}],"version-history":[{"count":3,"href":"http:\/\/soldatenschicksale.de\/index.php?rest_route=\/wp\/v2\/posts\/5369\/revisions"}],"predecessor-version":[{"id":5374,"href":"http:\/\/soldatenschicksale.de\/index.php?rest_route=\/wp\/v2\/posts\/5369\/revisions\/5374"}],"wp:attachment":[{"href":"http:\/\/soldatenschicksale.de\/index.php?rest_route=%2Fwp%2Fv2%2Fmedia&parent=5369"}],"wp:term":[{"taxonomy":"category","embeddable":true,"href":"http:\/\/soldatenschicksale.de\/index.php?rest_route=%2Fwp%2Fv2%2Fcategories&post=5369"},{"taxonomy":"post_tag","embeddable":true,"href":"http:\/\/soldatenschicksale.de\/index.php?rest_route=%2Fwp%2Fv2%2Ftags&post=5369"}],"curies":[{"name":"wp","href":"https:\/\/api.w.org\/{rel}","templated":true}]}}