{"id":5402,"date":"2025-09-16T00:00:10","date_gmt":"2025-09-15T22:00:10","guid":{"rendered":"http:\/\/soldatenschicksale.de\/?p=5402"},"modified":"2025-05-22T14:23:42","modified_gmt":"2025-05-22T12:23:42","slug":"soldatenschicksale-des-1-weltkrieges-teil-388-august-popp","status":"publish","type":"post","link":"http:\/\/soldatenschicksale.de\/?p=5402","title":{"rendered":"Soldatenschicksale des 1. Weltkrieges Teil 389: August Popp"},"content":{"rendered":"<p>Der Soldat August Popp stammte aus der bayerischen Ortschaft <a href=\"https:\/\/de.wikipedia.org\/wiki\/Neuses\" target=\"_blank\" rel=\"noopener\">Neuses<\/a>. Im Ersten Weltkrieg k\u00e4mpfte er als Chevauleger in der 2. Eskadron des 2. bayerischen Chevaulegers-Regiments. Am 10.12.1917 fiel er w\u00e4hrend der K\u00e4mpfe in den Vogesen n\u00f6rdlich der Stadt <a href=\"https:\/\/de.wikipedia.org\/wiki\/Munster_(Haut-Rhin)\" target=\"_blank\" rel=\"noopener\">M\u00fcnster<\/a> (franz\u00f6sisch: Munster, els\u00e4ssisch: Menschter) am <a href=\"https:\/\/maps.app.goo.gl\/WoJFGTeXjRrBCxxF9\" target=\"_blank\" rel=\"noopener\">Barrenkopf<\/a>.<\/p>\n<p>Man begrub August Popp auf dem Soldatenfriedhof <span data-sheets-root=\"1\"><a class=\"in-cell-link\" href=\"https:\/\/www.google.de\/maps\/place\/Ammerschwihr,+Frankreich\/@48.1167085,7.2318824,13z\/data=!3m1!4b1!4m5!3m4!1s0x479161162b7e2d4f:0x40a5fb99a3940d0!8m2!3d48.1256119!4d7.281956\" target=\"_blank\" rel=\"noopener\">Ammerschwihr<\/a><\/span> in Grab 251.<\/p>\n<figure id=\"attachment_3605\" aria-describedby=\"caption-attachment-3605\" style=\"width: 598px\" class=\"wp-caption aligncenter\"><img loading=\"lazy\" decoding=\"async\" class=\"size-full wp-image-3605\" src=\"http:\/\/soldatenschicksale.de\/wp-content\/uploads\/2025\/01\/August-Popp.jpg\" alt=\"\" width=\"598\" height=\"800\" srcset=\"http:\/\/soldatenschicksale.de\/wp-content\/uploads\/2025\/01\/August-Popp.jpg 598w, http:\/\/soldatenschicksale.de\/wp-content\/uploads\/2025\/01\/August-Popp-224x300.jpg 224w\" sizes=\"auto, (max-width: 598px) 85vw, 598px\" \/><figcaption id=\"caption-attachment-3605\" class=\"wp-caption-text\">Das Grab von August Popp auf dem Soldatenfriedhof Ammerschwihr<\/figcaption><\/figure>\n","protected":false},"excerpt":{"rendered":"<p>Der Soldat August Popp stammte aus der bayerischen Ortschaft Neuses. Im Ersten Weltkrieg k\u00e4mpfte er als Chevauleger in der 2. Eskadron des 2. bayerischen Chevaulegers-Regiments. Am 10.12.1917 fiel er w\u00e4hrend der K\u00e4mpfe in den Vogesen n\u00f6rdlich der Stadt M\u00fcnster (franz\u00f6sisch: Munster, els\u00e4ssisch: Menschter) am Barrenkopf. Man begrub August Popp auf dem Soldatenfriedhof Ammerschwihr in Grab &hellip; <a href=\"http:\/\/soldatenschicksale.de\/?p=5402\" class=\"more-link\"><span class=\"screen-reader-text\">\u201eSoldatenschicksale des 1. Weltkrieges Teil 389: August Popp\u201c <\/span>weiterlesen<\/a><\/p>\n","protected":false},"author":2,"featured_media":0,"comment_status":"closed","ping_status":"open","sticky":false,"template":"","format":"standard","meta":{"footnotes":"","_wp_rev_ctl_limit":""},"categories":[1007,76,988,468,75],"tags":[1956,1479,1663,21,1955,303,78,990,1526,1486,1954,306,239],"class_list":["post-5402","post","type-post","status-publish","format-standard","hentry","category-1-weltkrieg","category-frankreich","category-grand-est","category-vogesen-elsass","category-westfront","tag-2-bayerisches-chevaulegers-regiment","tag-ammerschwihr","tag-barrenkopf","tag-bayern","tag-chevauleger","tag-elsass","tag-frankreich","tag-grand-est","tag-menschter","tag-muenster","tag-neuses","tag-vogesen","tag-westfront"],"_links":{"self":[{"href":"http:\/\/soldatenschicksale.de\/index.php?rest_route=\/wp\/v2\/posts\/5402","targetHints":{"allow":["GET"]}}],"collection":[{"href":"http:\/\/soldatenschicksale.de\/index.php?rest_route=\/wp\/v2\/posts"}],"about":[{"href":"http:\/\/soldatenschicksale.de\/index.php?rest_route=\/wp\/v2\/types\/post"}],"author":[{"embeddable":true,"href":"http:\/\/soldatenschicksale.de\/index.php?rest_route=\/wp\/v2\/users\/2"}],"replies":[{"embeddable":true,"href":"http:\/\/soldatenschicksale.de\/index.php?rest_route=%2Fwp%2Fv2%2Fcomments&post=5402"}],"version-history":[{"count":3,"href":"http:\/\/soldatenschicksale.de\/index.php?rest_route=\/wp\/v2\/posts\/5402\/revisions"}],"predecessor-version":[{"id":5414,"href":"http:\/\/soldatenschicksale.de\/index.php?rest_route=\/wp\/v2\/posts\/5402\/revisions\/5414"}],"wp:attachment":[{"href":"http:\/\/soldatenschicksale.de\/index.php?rest_route=%2Fwp%2Fv2%2Fmedia&parent=5402"}],"wp:term":[{"taxonomy":"category","embeddable":true,"href":"http:\/\/soldatenschicksale.de\/index.php?rest_route=%2Fwp%2Fv2%2Fcategories&post=5402"},{"taxonomy":"post_tag","embeddable":true,"href":"http:\/\/soldatenschicksale.de\/index.php?rest_route=%2Fwp%2Fv2%2Ftags&post=5402"}],"curies":[{"name":"wp","href":"https:\/\/api.w.org\/{rel}","templated":true}]}}