{"id":5441,"date":"2025-09-19T00:00:19","date_gmt":"2025-09-18T22:00:19","guid":{"rendered":"http:\/\/soldatenschicksale.de\/?p=5441"},"modified":"2025-05-24T13:39:14","modified_gmt":"2025-05-24T11:39:14","slug":"soldatenschicksale-des-1-weltkrieges-teil-392-michael-zistler","status":"publish","type":"post","link":"http:\/\/soldatenschicksale.de\/?p=5441","title":{"rendered":"Soldatenschicksale des 1. Weltkrieges Teil 392: Michael Zistler"},"content":{"rendered":"<p>Der Soldat Michael Zistler stammte aus der bayerischen Gemeinde <a href=\"https:\/\/de.wikipedia.org\/wiki\/Bodenmais\" target=\"_blank\" rel=\"noopener\">Bodenmais<\/a>. Im Ersten Weltkrieg k\u00e4mpfte er als Gefreiter in der 11. Kompanie des 1. bayerischen Landwehr-Infanterie-Regiments. Am 20.01.1918 fiel er w\u00e4hrend der K\u00e4mpfe in den Vogesen n\u00f6rdlich der Stadt M\u00fcnster (franz\u00f6sisch: Munster, els\u00e4ssisch: Menschter).<\/p>\n<p>Man begrub Michael Zistler auf dem Soldatenfriedhof <span data-sheets-root=\"1\"><a class=\"in-cell-link\" href=\"https:\/\/www.google.de\/maps\/place\/Ammerschwihr,+Frankreich\/@48.1167085,7.2318824,13z\/data=!3m1!4b1!4m5!3m4!1s0x479161162b7e2d4f:0x40a5fb99a3940d0!8m2!3d48.1256119!4d7.281956\" target=\"_blank\" rel=\"noopener\">Ammerschwihr<\/a><\/span> in Grab 252.<\/p>\n<p>In seiner Heimatgemeinde Bodenmais gedenkt man Michael Zistler noch heute auf einem Dernkmal: <a href=\"http:\/\/www.denkmalprojekt.org\/2010\/bodenmais-denkmal-kirche_lk-regen_70-71_wk1_wk2.html\" target=\"_blank\" rel=\"noopener\">http:\/\/www.denkmalprojekt.org\/2010\/bodenmais-denkmal-kirche_lk-regen_70-71_wk1_wk2.html<\/a><\/p>\n<figure id=\"attachment_3610\" aria-describedby=\"caption-attachment-3610\" style=\"width: 546px\" class=\"wp-caption aligncenter\"><img loading=\"lazy\" decoding=\"async\" class=\"size-full wp-image-3610\" src=\"http:\/\/soldatenschicksale.de\/wp-content\/uploads\/2025\/01\/Michael-Zistler-Josef-Pirkl.jpg\" alt=\"\" width=\"546\" height=\"800\" srcset=\"http:\/\/soldatenschicksale.de\/wp-content\/uploads\/2025\/01\/Michael-Zistler-Josef-Pirkl.jpg 546w, http:\/\/soldatenschicksale.de\/wp-content\/uploads\/2025\/01\/Michael-Zistler-Josef-Pirkl-205x300.jpg 205w\" sizes=\"auto, (max-width: 546px) 85vw, 546px\" \/><figcaption id=\"caption-attachment-3610\" class=\"wp-caption-text\">Das Grab von Michael Zistler und Josef Pirkl auf dem Soldatenfriedhof Ammerschwihr<\/figcaption><\/figure>\n","protected":false},"excerpt":{"rendered":"<p>Der Soldat Michael Zistler stammte aus der bayerischen Gemeinde Bodenmais. Im Ersten Weltkrieg k\u00e4mpfte er als Gefreiter in der 11. Kompanie des 1. bayerischen Landwehr-Infanterie-Regiments. Am 20.01.1918 fiel er w\u00e4hrend der K\u00e4mpfe in den Vogesen n\u00f6rdlich der Stadt M\u00fcnster (franz\u00f6sisch: Munster, els\u00e4ssisch: Menschter). Man begrub Michael Zistler auf dem Soldatenfriedhof Ammerschwihr in Grab 252. In &hellip; <a href=\"http:\/\/soldatenschicksale.de\/?p=5441\" class=\"more-link\"><span class=\"screen-reader-text\">\u201eSoldatenschicksale des 1. Weltkrieges Teil 392: Michael Zistler\u201c <\/span>weiterlesen<\/a><\/p>\n","protected":false},"author":2,"featured_media":0,"comment_status":"closed","ping_status":"open","sticky":false,"template":"","format":"standard","meta":{"footnotes":"","_wp_rev_ctl_limit":""},"categories":[1007,76,988,468,75],"tags":[1495,1479,21,1966,30,303,78,11,990,1526,1486,306,239],"class_list":["post-5441","post","type-post","status-publish","format-standard","hentry","category-1-weltkrieg","category-frankreich","category-grand-est","category-vogesen-elsass","category-westfront","tag-1-bayerisches-landwehr-infanterie-regiment","tag-ammerschwihr","tag-bayern","tag-bodemais","tag-denkmal","tag-elsass","tag-frankreich","tag-gefreiter","tag-grand-est","tag-menschter","tag-muenster","tag-vogesen","tag-westfront"],"_links":{"self":[{"href":"http:\/\/soldatenschicksale.de\/index.php?rest_route=\/wp\/v2\/posts\/5441","targetHints":{"allow":["GET"]}}],"collection":[{"href":"http:\/\/soldatenschicksale.de\/index.php?rest_route=\/wp\/v2\/posts"}],"about":[{"href":"http:\/\/soldatenschicksale.de\/index.php?rest_route=\/wp\/v2\/types\/post"}],"author":[{"embeddable":true,"href":"http:\/\/soldatenschicksale.de\/index.php?rest_route=\/wp\/v2\/users\/2"}],"replies":[{"embeddable":true,"href":"http:\/\/soldatenschicksale.de\/index.php?rest_route=%2Fwp%2Fv2%2Fcomments&post=5441"}],"version-history":[{"count":3,"href":"http:\/\/soldatenschicksale.de\/index.php?rest_route=\/wp\/v2\/posts\/5441\/revisions"}],"predecessor-version":[{"id":5446,"href":"http:\/\/soldatenschicksale.de\/index.php?rest_route=\/wp\/v2\/posts\/5441\/revisions\/5446"}],"wp:attachment":[{"href":"http:\/\/soldatenschicksale.de\/index.php?rest_route=%2Fwp%2Fv2%2Fmedia&parent=5441"}],"wp:term":[{"taxonomy":"category","embeddable":true,"href":"http:\/\/soldatenschicksale.de\/index.php?rest_route=%2Fwp%2Fv2%2Fcategories&post=5441"},{"taxonomy":"post_tag","embeddable":true,"href":"http:\/\/soldatenschicksale.de\/index.php?rest_route=%2Fwp%2Fv2%2Ftags&post=5441"}],"curies":[{"name":"wp","href":"https:\/\/api.w.org\/{rel}","templated":true}]}}