{"id":5483,"date":"2025-05-24T21:00:41","date_gmt":"2025-05-24T19:00:41","guid":{"rendered":"http:\/\/soldatenschicksale.de\/?p=5483"},"modified":"2025-05-24T19:21:31","modified_gmt":"2025-05-24T17:21:31","slug":"sonderbeitrag-fritz-machwart","status":"publish","type":"post","link":"http:\/\/soldatenschicksale.de\/?p=5483","title":{"rendered":"Sonderbeitrag: Fritz Machwart"},"content":{"rendered":"<p>Der Soldat Fritz (Verlustliste: Friedrich) Machwart stammte aus der bayerischen Stadt <a href=\"https:\/\/de.wikipedia.org\/wiki\/Kempten_(Allg%C3%A4u)\" target=\"_blank\" rel=\"noopener\">Kempten<\/a>. Im Ersten Weltkrieg k\u00e4mpfte er als Leutnant der Reserve in der 2. Kompanie des 11. bayerischen Reserve-Infanterie-Regiments, wohin er vom 11. bayerischen Infanterie-Regiment abgestellt war. Am 18.08.1914 fiel er in den Vogesen bei <a href=\"https:\/\/de.wikipedia.org\/wiki\/Vill%C3%A9\" target=\"_blank\" rel=\"noopener\">Weiler<\/a> (franz\u00f6sisch: Vill\u00e9, els\u00e4ssisch: Willer).<\/p>\n<p>Man begrub Fritz Machwart auf dem Soldatenfriedhof <span data-sheets-root=\"1\"><a class=\"in-cell-link\" href=\"https:\/\/de.wikipedia.org\/wiki\/Thanvill\u00e9\" target=\"_blank\" rel=\"noopener\">Thanvill\u00e9<\/a><\/span> in Block 1, Grab 2.<\/p>\n<figure id=\"attachment_5475\" aria-describedby=\"caption-attachment-5475\" style=\"width: 621px\" class=\"wp-caption aligncenter\"><img loading=\"lazy\" decoding=\"async\" class=\"size-full wp-image-5475\" src=\"http:\/\/soldatenschicksale.de\/wp-content\/uploads\/2025\/05\/Fritz-Machwart.jpg\" alt=\"\" width=\"621\" height=\"800\" srcset=\"http:\/\/soldatenschicksale.de\/wp-content\/uploads\/2025\/05\/Fritz-Machwart.jpg 621w, http:\/\/soldatenschicksale.de\/wp-content\/uploads\/2025\/05\/Fritz-Machwart-233x300.jpg 233w\" sizes=\"auto, (max-width: 709px) 85vw, (max-width: 909px) 67vw, (max-width: 984px) 61vw, (max-width: 1362px) 45vw, 600px\" \/><figcaption id=\"caption-attachment-5475\" class=\"wp-caption-text\">Das Grab von Fritz Machwart auf dem Soldatenfriedhof Thanvill\u00e9<\/figcaption><\/figure>\n","protected":false},"excerpt":{"rendered":"<p>Der Soldat Fritz (Verlustliste: Friedrich) Machwart stammte aus der bayerischen Stadt Kempten. Im Ersten Weltkrieg k\u00e4mpfte er als Leutnant der Reserve in der 2. Kompanie des 11. bayerischen Reserve-Infanterie-Regiments, wohin er vom 11. bayerischen Infanterie-Regiment abgestellt war. Am 18.08.1914 fiel er in den Vogesen bei Weiler (franz\u00f6sisch: Vill\u00e9, els\u00e4ssisch: Willer). Man begrub Fritz Machwart auf &hellip; <a href=\"http:\/\/soldatenschicksale.de\/?p=5483\" class=\"more-link\"><span class=\"screen-reader-text\">\u201eSonderbeitrag: Fritz Machwart\u201c <\/span>weiterlesen<\/a><\/p>\n","protected":false},"author":2,"featured_media":0,"comment_status":"closed","ping_status":"open","sticky":false,"template":"","format":"standard","meta":{"footnotes":"","_wp_rev_ctl_limit":""},"categories":[1007,76,988,468,75],"tags":[1983,1982,21,303,78,990,1771,1944,1984,306,1985,239,1986],"class_list":["post-5483","post","type-post","status-publish","format-standard","hentry","category-1-weltkrieg","category-frankreich","category-grand-est","category-vogesen-elsass","category-westfront","tag-11-bayerisches-infanterie-regiment","tag-11-bayerisches-reserve-infanterie-regiment","tag-bayern","tag-elsass","tag-frankreich","tag-grand-est","tag-kempten","tag-thanville","tag-ville","tag-vogesen","tag-weiler","tag-westfront","tag-willer"],"_links":{"self":[{"href":"http:\/\/soldatenschicksale.de\/index.php?rest_route=\/wp\/v2\/posts\/5483","targetHints":{"allow":["GET"]}}],"collection":[{"href":"http:\/\/soldatenschicksale.de\/index.php?rest_route=\/wp\/v2\/posts"}],"about":[{"href":"http:\/\/soldatenschicksale.de\/index.php?rest_route=\/wp\/v2\/types\/post"}],"author":[{"embeddable":true,"href":"http:\/\/soldatenschicksale.de\/index.php?rest_route=\/wp\/v2\/users\/2"}],"replies":[{"embeddable":true,"href":"http:\/\/soldatenschicksale.de\/index.php?rest_route=%2Fwp%2Fv2%2Fcomments&post=5483"}],"version-history":[{"count":3,"href":"http:\/\/soldatenschicksale.de\/index.php?rest_route=\/wp\/v2\/posts\/5483\/revisions"}],"predecessor-version":[{"id":5488,"href":"http:\/\/soldatenschicksale.de\/index.php?rest_route=\/wp\/v2\/posts\/5483\/revisions\/5488"}],"wp:attachment":[{"href":"http:\/\/soldatenschicksale.de\/index.php?rest_route=%2Fwp%2Fv2%2Fmedia&parent=5483"}],"wp:term":[{"taxonomy":"category","embeddable":true,"href":"http:\/\/soldatenschicksale.de\/index.php?rest_route=%2Fwp%2Fv2%2Fcategories&post=5483"},{"taxonomy":"post_tag","embeddable":true,"href":"http:\/\/soldatenschicksale.de\/index.php?rest_route=%2Fwp%2Fv2%2Ftags&post=5483"}],"curies":[{"name":"wp","href":"https:\/\/api.w.org\/{rel}","templated":true}]}}