{"id":5489,"date":"2025-05-24T22:00:35","date_gmt":"2025-05-24T20:00:35","guid":{"rendered":"http:\/\/soldatenschicksale.de\/?p=5489"},"modified":"2025-05-24T19:32:32","modified_gmt":"2025-05-24T17:32:32","slug":"sonderbeitrag-josef-lehner","status":"publish","type":"post","link":"http:\/\/soldatenschicksale.de\/?p=5489","title":{"rendered":"Sonderbeitrag: Josef Lehner"},"content":{"rendered":"<p>Der Soldat Josef Lehner stammte aus <a href=\"https:\/\/de.wikipedia.org\/wiki\/Pilchau_(T%C3%A4nnesberg)\" target=\"_blank\" rel=\"noopener\">Pilchau<\/a>, einem Ortsteil der bayerischen Gemeinde <a href=\"https:\/\/de.wikipedia.org\/wiki\/T%C3%A4nnesberg\" target=\"_blank\" rel=\"noopener\">T\u00e4nnesberg<\/a>. Im Ersten Weltkrieg k\u00e4mpfte er als Gefreiter in der 9. Kompanie des 14. bayerischen Reserve-Infanterie-Regiments. Am 18.08.1914 fiel er w\u00e4hrend der K\u00e4mpfe bei <a href=\"https:\/\/de.wikipedia.org\/wiki\/Vill%C3%A9\" target=\"_blank\" rel=\"noopener\">Weiler<\/a> (franz\u00f6sisch: Vill\u00e9, els\u00e4ssisch: Willer) in den Vogesen.<\/p>\n<p>Man begrub Josef Lehner auf dem Soldatenfriedhof <span data-sheets-root=\"1\"><a class=\"in-cell-link\" href=\"https:\/\/de.wikipedia.org\/wiki\/Thanvill\u00e9\" target=\"_blank\" rel=\"noopener\">Thanvill\u00e9<\/a><\/span> in Block 1, Grab 3.<\/p>\n<figure id=\"attachment_5476\" aria-describedby=\"caption-attachment-5476\" style=\"width: 529px\" class=\"wp-caption aligncenter\"><img loading=\"lazy\" decoding=\"async\" class=\"size-full wp-image-5476\" src=\"http:\/\/soldatenschicksale.de\/wp-content\/uploads\/2025\/05\/Josef-Lehner.jpg\" alt=\"\" width=\"529\" height=\"800\" srcset=\"http:\/\/soldatenschicksale.de\/wp-content\/uploads\/2025\/05\/Josef-Lehner.jpg 529w, http:\/\/soldatenschicksale.de\/wp-content\/uploads\/2025\/05\/Josef-Lehner-198x300.jpg 198w\" sizes=\"auto, (max-width: 529px) 85vw, 529px\" \/><figcaption id=\"caption-attachment-5476\" class=\"wp-caption-text\">Das Grab von Josef Lehner auf dem Soldatenfriedhof Thanvill\u00e9<\/figcaption><\/figure>\n","protected":false},"excerpt":{"rendered":"<p>Der Soldat Josef Lehner stammte aus Pilchau, einem Ortsteil der bayerischen Gemeinde T\u00e4nnesberg. Im Ersten Weltkrieg k\u00e4mpfte er als Gefreiter in der 9. Kompanie des 14. bayerischen Reserve-Infanterie-Regiments. Am 18.08.1914 fiel er w\u00e4hrend der K\u00e4mpfe bei Weiler (franz\u00f6sisch: Vill\u00e9, els\u00e4ssisch: Willer) in den Vogesen. Man begrub Josef Lehner auf dem Soldatenfriedhof Thanvill\u00e9 in Block 1, &hellip; <a href=\"http:\/\/soldatenschicksale.de\/?p=5489\" class=\"more-link\"><span class=\"screen-reader-text\">\u201eSonderbeitrag: Josef Lehner\u201c <\/span>weiterlesen<\/a><\/p>\n","protected":false},"author":2,"featured_media":0,"comment_status":"closed","ping_status":"open","sticky":false,"template":"","format":"standard","meta":{"footnotes":"","_wp_rev_ctl_limit":""},"categories":[1007,76,988,468,75],"tags":[1953,21,303,78,11,990,1987,1988,1944,1984,306,1985,239,1986],"class_list":["post-5489","post","type-post","status-publish","format-standard","hentry","category-1-weltkrieg","category-frankreich","category-grand-est","category-vogesen-elsass","category-westfront","tag-14-bayerisches-reserve-infanterie-regiment","tag-bayern","tag-elsass","tag-frankreich","tag-gefreiter","tag-grand-est","tag-pilchau","tag-taennesberg","tag-thanville","tag-ville","tag-vogesen","tag-weiler","tag-westfront","tag-willer"],"_links":{"self":[{"href":"http:\/\/soldatenschicksale.de\/index.php?rest_route=\/wp\/v2\/posts\/5489","targetHints":{"allow":["GET"]}}],"collection":[{"href":"http:\/\/soldatenschicksale.de\/index.php?rest_route=\/wp\/v2\/posts"}],"about":[{"href":"http:\/\/soldatenschicksale.de\/index.php?rest_route=\/wp\/v2\/types\/post"}],"author":[{"embeddable":true,"href":"http:\/\/soldatenschicksale.de\/index.php?rest_route=\/wp\/v2\/users\/2"}],"replies":[{"embeddable":true,"href":"http:\/\/soldatenschicksale.de\/index.php?rest_route=%2Fwp%2Fv2%2Fcomments&post=5489"}],"version-history":[{"count":3,"href":"http:\/\/soldatenschicksale.de\/index.php?rest_route=\/wp\/v2\/posts\/5489\/revisions"}],"predecessor-version":[{"id":5493,"href":"http:\/\/soldatenschicksale.de\/index.php?rest_route=\/wp\/v2\/posts\/5489\/revisions\/5493"}],"wp:attachment":[{"href":"http:\/\/soldatenschicksale.de\/index.php?rest_route=%2Fwp%2Fv2%2Fmedia&parent=5489"}],"wp:term":[{"taxonomy":"category","embeddable":true,"href":"http:\/\/soldatenschicksale.de\/index.php?rest_route=%2Fwp%2Fv2%2Fcategories&post=5489"},{"taxonomy":"post_tag","embeddable":true,"href":"http:\/\/soldatenschicksale.de\/index.php?rest_route=%2Fwp%2Fv2%2Ftags&post=5489"}],"curies":[{"name":"wp","href":"https:\/\/api.w.org\/{rel}","templated":true}]}}