{"id":5505,"date":"2025-09-23T00:00:27","date_gmt":"2025-09-22T22:00:27","guid":{"rendered":"http:\/\/soldatenschicksale.de\/?p=5505"},"modified":"2025-05-25T09:12:39","modified_gmt":"2025-05-25T07:12:39","slug":"soldatenschicksale-des-1-weltkrieges-teil-396-mathias-stass","status":"publish","type":"post","link":"http:\/\/soldatenschicksale.de\/?p=5505","title":{"rendered":"Soldatenschicksale des 1. Weltkrieges Teil 396: Mathias Stass"},"content":{"rendered":"<p>Der Soldat Mathias Stass stammte aus der saarl\u00e4ndischen Stadt <a href=\"https:\/\/de.wikipedia.org\/wiki\/St._Wendel\" target=\"_blank\" rel=\"noopener\">St. Wendel<\/a>. Im Ersten Weltkrieg k\u00e4mpfte er als J\u00e4ger in der 1. Kompanie des 8. J\u00e4ger-Bataillons. Am 12.09.1918 fiel er w\u00e4hrend der K\u00e4mpfe in den Vogesen n\u00f6rdlich der Stadt M\u00fcnster (franz\u00f6sisch: Munster, els\u00e4ssisch: Menschter).<\/p>\n<p>Man begrub Mathias Stass auf dem Soldatenfriedhof <span data-sheets-root=\"1\"><a class=\"in-cell-link\" href=\"https:\/\/www.google.de\/maps\/place\/Ammerschwihr,+Frankreich\/@48.1167085,7.2318824,13z\/data=!3m1!4b1!4m5!3m4!1s0x479161162b7e2d4f:0x40a5fb99a3940d0!8m2!3d48.1256119!4d7.281956\" target=\"_blank\" rel=\"noopener\">Ammerschwihr<\/a><\/span> in Grab 268.<\/p>\n<p>In seiner Heimatstadt St. Wendel gedenkt man Mathias Stass noch heute auf einem Denkmal: <a href=\"http:\/\/www.denkmalprojekt.org\/2021\/st-wendel_basilika-st-wendelin_lkr-st-wendel_wk1_wk2_sl.html\" target=\"_blank\" rel=\"noopener\">http:\/\/www.denkmalprojekt.org\/2021\/st-wendel_basilika-st-wendelin_lkr-st-wendel_wk1_wk2_sl.html<\/a><\/p>\n<figure id=\"attachment_3612\" aria-describedby=\"caption-attachment-3612\" style=\"width: 632px\" class=\"wp-caption aligncenter\"><img loading=\"lazy\" decoding=\"async\" class=\"size-full wp-image-3612\" src=\"http:\/\/soldatenschicksale.de\/wp-content\/uploads\/2025\/01\/Mathias-Stass.jpg\" alt=\"\" width=\"632\" height=\"800\" srcset=\"http:\/\/soldatenschicksale.de\/wp-content\/uploads\/2025\/01\/Mathias-Stass.jpg 632w, http:\/\/soldatenschicksale.de\/wp-content\/uploads\/2025\/01\/Mathias-Stass-237x300.jpg 237w\" sizes=\"auto, (max-width: 709px) 85vw, (max-width: 909px) 67vw, (max-width: 984px) 61vw, (max-width: 1362px) 45vw, 600px\" \/><figcaption id=\"caption-attachment-3612\" class=\"wp-caption-text\">Das Grab von Mathias Stass auf dem Soldatenfriedhof Ammerschwihr<\/figcaption><\/figure>\n","protected":false},"excerpt":{"rendered":"<p>Der Soldat Mathias Stass stammte aus der saarl\u00e4ndischen Stadt St. Wendel. Im Ersten Weltkrieg k\u00e4mpfte er als J\u00e4ger in der 1. Kompanie des 8. J\u00e4ger-Bataillons. Am 12.09.1918 fiel er w\u00e4hrend der K\u00e4mpfe in den Vogesen n\u00f6rdlich der Stadt M\u00fcnster (franz\u00f6sisch: Munster, els\u00e4ssisch: Menschter). Man begrub Mathias Stass auf dem Soldatenfriedhof Ammerschwihr in Grab 268. In &hellip; <a href=\"http:\/\/soldatenschicksale.de\/?p=5505\" class=\"more-link\"><span class=\"screen-reader-text\">\u201eSoldatenschicksale des 1. Weltkrieges Teil 396: Mathias Stass\u201c <\/span>weiterlesen<\/a><\/p>\n","protected":false},"author":2,"featured_media":0,"comment_status":"closed","ping_status":"open","sticky":false,"template":"","format":"standard","meta":{"footnotes":"","_wp_rev_ctl_limit":""},"categories":[1007,76,988,468,75],"tags":[1991,1479,30,303,78,155,1526,1486,229,1992,306,239],"class_list":["post-5505","post","type-post","status-publish","format-standard","hentry","category-1-weltkrieg","category-frankreich","category-grand-est","category-vogesen-elsass","category-westfront","tag-8-jaeger-bataillon","tag-ammerschwihr","tag-denkmal","tag-elsass","tag-frankreich","tag-jaeger","tag-menschter","tag-muenster","tag-saarland","tag-st-wendel","tag-vogesen","tag-westfront"],"_links":{"self":[{"href":"http:\/\/soldatenschicksale.de\/index.php?rest_route=\/wp\/v2\/posts\/5505","targetHints":{"allow":["GET"]}}],"collection":[{"href":"http:\/\/soldatenschicksale.de\/index.php?rest_route=\/wp\/v2\/posts"}],"about":[{"href":"http:\/\/soldatenschicksale.de\/index.php?rest_route=\/wp\/v2\/types\/post"}],"author":[{"embeddable":true,"href":"http:\/\/soldatenschicksale.de\/index.php?rest_route=\/wp\/v2\/users\/2"}],"replies":[{"embeddable":true,"href":"http:\/\/soldatenschicksale.de\/index.php?rest_route=%2Fwp%2Fv2%2Fcomments&post=5505"}],"version-history":[{"count":3,"href":"http:\/\/soldatenschicksale.de\/index.php?rest_route=\/wp\/v2\/posts\/5505\/revisions"}],"predecessor-version":[{"id":5510,"href":"http:\/\/soldatenschicksale.de\/index.php?rest_route=\/wp\/v2\/posts\/5505\/revisions\/5510"}],"wp:attachment":[{"href":"http:\/\/soldatenschicksale.de\/index.php?rest_route=%2Fwp%2Fv2%2Fmedia&parent=5505"}],"wp:term":[{"taxonomy":"category","embeddable":true,"href":"http:\/\/soldatenschicksale.de\/index.php?rest_route=%2Fwp%2Fv2%2Fcategories&post=5505"},{"taxonomy":"post_tag","embeddable":true,"href":"http:\/\/soldatenschicksale.de\/index.php?rest_route=%2Fwp%2Fv2%2Ftags&post=5505"}],"curies":[{"name":"wp","href":"https:\/\/api.w.org\/{rel}","templated":true}]}}