{"id":5511,"date":"2025-09-24T00:00:55","date_gmt":"2025-09-23T22:00:55","guid":{"rendered":"http:\/\/soldatenschicksale.de\/?p=5511"},"modified":"2025-05-26T07:51:03","modified_gmt":"2025-05-26T05:51:03","slug":"soldatenschicksale-des-1-weltkrieges-teil-397-johann-ruhland","status":"publish","type":"post","link":"http:\/\/soldatenschicksale.de\/?p=5511","title":{"rendered":"Soldatenschicksale des 1. Weltkrieges Teil 397: Johann Ruhland"},"content":{"rendered":"<p>Der Soldat Johann Ruhland stammte aus <a href=\"https:\/\/de.wikipedia.org\/wiki\/Meigelsried\" target=\"_blank\" rel=\"noopener\">Meigelsried<\/a>, einem Ortsteil der bayerischen Stadt <a href=\"https:\/\/de.wikipedia.org\/wiki\/R%C3%B6tz\" target=\"_blank\" rel=\"noopener\">R\u00f6tz<\/a>. Im Ersten Weltkrieg k\u00e4mpfte er als Wehrmann in der 7. Kompanie des 1. bayerischen Landwehr-Infanterie-Regiments. Am 04.10.1916 verstarb er in einem Lazarett bei <a href=\"https:\/\/de.wikipedia.org\/wiki\/Trois-%C3%89pis\" target=\"_blank\" rel=\"noopener\">Drei \u00c4hren<\/a> (franz\u00f6sisch: Trois-\u00c9pis) nachdem er zuvor bei den K\u00e4mpfen n\u00f6rdlich der Stadt <a href=\"https:\/\/de.wikipedia.org\/wiki\/Munster_(Haut-Rhin)\" target=\"_blank\" rel=\"noopener\">M\u00fcnster<\/a> (franz\u00f6sisch: Munster, els\u00e4ssisch: Menschter) am <a href=\"https:\/\/maps.app.goo.gl\/U6J9g1wbKYzJsiWw9\" target=\"_blank\" rel=\"noopener\">Schratzm\u00e4nnele<\/a> schwer verwundet worden war.<\/p>\n<p>Man begrub Johann Ruhland auf dem Soldatenfriedhof <span data-sheets-root=\"1\"><a class=\"in-cell-link\" href=\"https:\/\/www.google.de\/maps\/place\/Ammerschwihr,+Frankreich\/@48.1167085,7.2318824,13z\/data=!3m1!4b1!4m5!3m4!1s0x479161162b7e2d4f:0x40a5fb99a3940d0!8m2!3d48.1256119!4d7.281956\" target=\"_blank\" rel=\"noopener\">Ammerschwihr<\/a><\/span> in Grab 158.<\/p>\n<figure id=\"attachment_3613\" aria-describedby=\"caption-attachment-3613\" style=\"width: 474px\" class=\"wp-caption aligncenter\"><img loading=\"lazy\" decoding=\"async\" class=\"size-full wp-image-3613\" src=\"http:\/\/soldatenschicksale.de\/wp-content\/uploads\/2025\/01\/Johann-Ruhland.jpg\" alt=\"\" width=\"474\" height=\"800\" srcset=\"http:\/\/soldatenschicksale.de\/wp-content\/uploads\/2025\/01\/Johann-Ruhland.jpg 474w, http:\/\/soldatenschicksale.de\/wp-content\/uploads\/2025\/01\/Johann-Ruhland-178x300.jpg 178w\" sizes=\"auto, (max-width: 474px) 85vw, 474px\" \/><figcaption id=\"caption-attachment-3613\" class=\"wp-caption-text\">Das Grab von Johann Ruhland auf dem Soldatenfriedhof Ammerschwihr<\/figcaption><\/figure>\n","protected":false},"excerpt":{"rendered":"<p>Der Soldat Johann Ruhland stammte aus Meigelsried, einem Ortsteil der bayerischen Stadt R\u00f6tz. Im Ersten Weltkrieg k\u00e4mpfte er als Wehrmann in der 7. Kompanie des 1. bayerischen Landwehr-Infanterie-Regiments. Am 04.10.1916 verstarb er in einem Lazarett bei Drei \u00c4hren (franz\u00f6sisch: Trois-\u00c9pis) nachdem er zuvor bei den K\u00e4mpfen n\u00f6rdlich der Stadt M\u00fcnster (franz\u00f6sisch: Munster, els\u00e4ssisch: Menschter) am &hellip; <a href=\"http:\/\/soldatenschicksale.de\/?p=5511\" class=\"more-link\"><span class=\"screen-reader-text\">\u201eSoldatenschicksale des 1. Weltkrieges Teil 397: Johann Ruhland\u201c <\/span>weiterlesen<\/a><\/p>\n","protected":false},"author":2,"featured_media":0,"comment_status":"closed","ping_status":"open","sticky":false,"template":"","format":"standard","meta":{"footnotes":"","_wp_rev_ctl_limit":""},"categories":[1007,76,988,468,75],"tags":[1495,1479,21,1480,303,78,990,1566,1993,1526,1486,1994,1487,355,1481,306,1259,239],"class_list":["post-5511","post","type-post","status-publish","format-standard","hentry","category-1-weltkrieg","category-frankreich","category-grand-est","category-vogesen-elsass","category-westfront","tag-1-bayerisches-landwehr-infanterie-regiment","tag-ammerschwihr","tag-bayern","tag-drei-aehren","tag-elsass","tag-frankreich","tag-grand-est","tag-lazarett-drei-aehren","tag-meigelsried","tag-menschter","tag-muenster","tag-roetz","tag-schratzmaennele","tag-schwer-verwundet","tag-trois-epis","tag-vogesen","tag-wehrmann","tag-westfront"],"_links":{"self":[{"href":"http:\/\/soldatenschicksale.de\/index.php?rest_route=\/wp\/v2\/posts\/5511","targetHints":{"allow":["GET"]}}],"collection":[{"href":"http:\/\/soldatenschicksale.de\/index.php?rest_route=\/wp\/v2\/posts"}],"about":[{"href":"http:\/\/soldatenschicksale.de\/index.php?rest_route=\/wp\/v2\/types\/post"}],"author":[{"embeddable":true,"href":"http:\/\/soldatenschicksale.de\/index.php?rest_route=\/wp\/v2\/users\/2"}],"replies":[{"embeddable":true,"href":"http:\/\/soldatenschicksale.de\/index.php?rest_route=%2Fwp%2Fv2%2Fcomments&post=5511"}],"version-history":[{"count":3,"href":"http:\/\/soldatenschicksale.de\/index.php?rest_route=\/wp\/v2\/posts\/5511\/revisions"}],"predecessor-version":[{"id":5518,"href":"http:\/\/soldatenschicksale.de\/index.php?rest_route=\/wp\/v2\/posts\/5511\/revisions\/5518"}],"wp:attachment":[{"href":"http:\/\/soldatenschicksale.de\/index.php?rest_route=%2Fwp%2Fv2%2Fmedia&parent=5511"}],"wp:term":[{"taxonomy":"category","embeddable":true,"href":"http:\/\/soldatenschicksale.de\/index.php?rest_route=%2Fwp%2Fv2%2Fcategories&post=5511"},{"taxonomy":"post_tag","embeddable":true,"href":"http:\/\/soldatenschicksale.de\/index.php?rest_route=%2Fwp%2Fv2%2Ftags&post=5511"}],"curies":[{"name":"wp","href":"https:\/\/api.w.org\/{rel}","templated":true}]}}