{"id":5576,"date":"2025-09-30T00:00:50","date_gmt":"2025-09-29T22:00:50","guid":{"rendered":"http:\/\/soldatenschicksale.de\/?p=5576"},"modified":"2025-05-30T08:39:13","modified_gmt":"2025-05-30T06:39:13","slug":"soldatenschicksale-des-1-weltkrieges-teil-403-august-ott","status":"publish","type":"post","link":"http:\/\/soldatenschicksale.de\/?p=5576","title":{"rendered":"Soldatenschicksale des 1. Weltkrieges Teil 403: August Ott"},"content":{"rendered":"<p>Der Soldat August Ott stammte aus <a href=\"https:\/\/de.wikipedia.org\/wiki\/Bieringen_(Sch%C3%B6ntal)\" target=\"_blank\" rel=\"noopener\">Bieringen<\/a>, einem Ortsteil der Gemeinde <a href=\"https:\/\/de.wikipedia.org\/wiki\/Sch%C3%B6ntal\" target=\"_blank\" rel=\"noopener\">Sch\u00f6ntal<\/a> im heutigen Bundesland Baden-W\u00fcrttemberg. Im Ersten Weltkrieg k\u00e4mpfte er als Pionier in der 3. Landwehr-Pionier-Kompanie. Am 29.07.1915 fiel er durch schwere Verwundung w\u00e4hrend der K\u00e4mpfe in den Vogesen n\u00f6rdlich der Stadt <a href=\"https:\/\/de.wikipedia.org\/wiki\/Munster_(Haut-Rhin)\" target=\"_blank\" rel=\"noopener\">M\u00fcnster<\/a> (franz\u00f6sisch: Munster, els\u00e4ssisch: Menschter). Er starb in einem Lazarett in der franz\u00f6sischen Ortschaft <a href=\"https:\/\/de.wikipedia.org\/wiki\/Trois-%C3%89pis\" target=\"_blank\" rel=\"noopener\">Drei \u00c4hren<\/a> (franz\u00f6sisch: Trois-\u00c9pis)<\/p>\n<p>Man begrub August Ott auf dem Soldatenfriedhof <span data-sheets-root=\"1\"><a class=\"in-cell-link\" href=\"https:\/\/www.google.de\/maps\/place\/Ammerschwihr,+Frankreich\/@48.1167085,7.2318824,13z\/data=!3m1!4b1!4m5!3m4!1s0x479161162b7e2d4f:0x40a5fb99a3940d0!8m2!3d48.1256119!4d7.281956\" target=\"_blank\" rel=\"noopener\">Ammerschwihr<\/a><\/span> in Grab 271.<\/p>\n<figure id=\"attachment_3619\" aria-describedby=\"caption-attachment-3619\" style=\"width: 503px\" class=\"wp-caption aligncenter\"><img loading=\"lazy\" decoding=\"async\" class=\"size-full wp-image-3619\" src=\"http:\/\/soldatenschicksale.de\/wp-content\/uploads\/2025\/01\/August-Ott.jpg\" alt=\"\" width=\"503\" height=\"800\" srcset=\"http:\/\/soldatenschicksale.de\/wp-content\/uploads\/2025\/01\/August-Ott.jpg 503w, http:\/\/soldatenschicksale.de\/wp-content\/uploads\/2025\/01\/August-Ott-189x300.jpg 189w\" sizes=\"auto, (max-width: 503px) 85vw, 503px\" \/><figcaption id=\"caption-attachment-3619\" class=\"wp-caption-text\">Das Grab von August Ott auf dem Soldatenfriedhof Ammerschwihr<\/figcaption><\/figure>\n","protected":false},"excerpt":{"rendered":"<p>Der Soldat August Ott stammte aus Bieringen, einem Ortsteil der Gemeinde Sch\u00f6ntal im heutigen Bundesland Baden-W\u00fcrttemberg. Im Ersten Weltkrieg k\u00e4mpfte er als Pionier in der 3. Landwehr-Pionier-Kompanie. Am 29.07.1915 fiel er durch schwere Verwundung w\u00e4hrend der K\u00e4mpfe in den Vogesen n\u00f6rdlich der Stadt M\u00fcnster (franz\u00f6sisch: Munster, els\u00e4ssisch: Menschter). Er starb in einem Lazarett in der &hellip; <a href=\"http:\/\/soldatenschicksale.de\/?p=5576\" class=\"more-link\"><span class=\"screen-reader-text\">\u201eSoldatenschicksale des 1. Weltkrieges Teil 403: August Ott\u201c <\/span>weiterlesen<\/a><\/p>\n","protected":false},"author":2,"featured_media":0,"comment_status":"closed","ping_status":"open","sticky":false,"template":"","format":"standard","meta":{"footnotes":"","_wp_rev_ctl_limit":""},"categories":[1007,76,988,468,75],"tags":[2013,1479,99,2011,1480,303,78,990,1526,1486,457,2012,165,1481,306,239],"class_list":["post-5576","post","type-post","status-publish","format-standard","hentry","category-1-weltkrieg","category-frankreich","category-grand-est","category-vogesen-elsass","category-westfront","tag-3-landwehr-pionier-kompanie","tag-ammerschwihr","tag-baden-wuerttemberg","tag-bieringen","tag-drei-aehren","tag-elsass","tag-frankreich","tag-grand-est","tag-menschter","tag-muenster","tag-pionier","tag-schoental","tag-schwere-verwundung","tag-trois-epis","tag-vogesen","tag-westfront"],"_links":{"self":[{"href":"http:\/\/soldatenschicksale.de\/index.php?rest_route=\/wp\/v2\/posts\/5576","targetHints":{"allow":["GET"]}}],"collection":[{"href":"http:\/\/soldatenschicksale.de\/index.php?rest_route=\/wp\/v2\/posts"}],"about":[{"href":"http:\/\/soldatenschicksale.de\/index.php?rest_route=\/wp\/v2\/types\/post"}],"author":[{"embeddable":true,"href":"http:\/\/soldatenschicksale.de\/index.php?rest_route=\/wp\/v2\/users\/2"}],"replies":[{"embeddable":true,"href":"http:\/\/soldatenschicksale.de\/index.php?rest_route=%2Fwp%2Fv2%2Fcomments&post=5576"}],"version-history":[{"count":3,"href":"http:\/\/soldatenschicksale.de\/index.php?rest_route=\/wp\/v2\/posts\/5576\/revisions"}],"predecessor-version":[{"id":5582,"href":"http:\/\/soldatenschicksale.de\/index.php?rest_route=\/wp\/v2\/posts\/5576\/revisions\/5582"}],"wp:attachment":[{"href":"http:\/\/soldatenschicksale.de\/index.php?rest_route=%2Fwp%2Fv2%2Fmedia&parent=5576"}],"wp:term":[{"taxonomy":"category","embeddable":true,"href":"http:\/\/soldatenschicksale.de\/index.php?rest_route=%2Fwp%2Fv2%2Fcategories&post=5576"},{"taxonomy":"post_tag","embeddable":true,"href":"http:\/\/soldatenschicksale.de\/index.php?rest_route=%2Fwp%2Fv2%2Ftags&post=5576"}],"curies":[{"name":"wp","href":"https:\/\/api.w.org\/{rel}","templated":true}]}}