{"id":5598,"date":"2025-05-31T18:00:59","date_gmt":"2025-05-31T16:00:59","guid":{"rendered":"http:\/\/soldatenschicksale.de\/?p=5598"},"modified":"2025-05-31T16:44:39","modified_gmt":"2025-05-31T14:44:39","slug":"sonderbeitrag-johann-eggerl","status":"publish","type":"post","link":"http:\/\/soldatenschicksale.de\/?p=5598","title":{"rendered":"Sonderbeitrag: Johann Eggerl"},"content":{"rendered":"<p>Johann Eggerl <a href=\"https:\/\/de.wikipedia.org\/wiki\/Oberndorf_(Pfalz)\" target=\"_blank\" rel=\"noopener\">Oberndorf<\/a> in der Pfalz, das damals zu Bayern, heute zu Rheinland-Pfalz geh\u00f6rt. Im Ersten Weltkrieg k\u00e4mpfte er als Infanterist in der 11. Kompanie des 17. bayerischen Infanterie-Regiments. Am 25.08.1914 fiel er w\u00e4hrend der Schlacht vor Nancy-Epinal bei <a href=\"https:\/\/de.wikipedia.org\/wiki\/Rozelieures\" target=\"_blank\" rel=\"noopener\">Rozelieures<\/a> (Verlustliste: <a href=\"https:\/\/de.wikipedia.org\/wiki\/Haudonville\" target=\"_blank\" rel=\"noopener\">Haudoviller<\/a>) nahe <a href=\"https:\/\/de.wikipedia.org\/wiki\/Lun%C3%A9ville\" target=\"_blank\" rel=\"noopener\">Lun\u00e9ville<\/a>.<\/p>\n<p>\u00dcber den Todestag und die Todesumst\u00e4nde von Johann Eggerl berichtet die Regimentsgeschichte des 17. bayerischen Infanterie-Regiments:<\/p>\n<blockquote><p><em>&#8222;25.08. Die erreichte Stellung soll gehalten werden. 5.30 Uhr stand das Regiment gefechtsbereit und zwar I. Bataillon rechts, II. Bataillon links der Stra\u00dfe Remenoville-Vennezey in vorderer Linie, III. Bataillon in zweiter Linie hinter dem rechten Fl\u00fcgel.<\/em><\/p>\n<p><em>Etwa 7 Uhr griff der Feind mit starken Kr\u00e4ften aus s\u00fcdlicher Richtung an. Gleichzeitig setzte starkes feindliches Artilleriefeuer auf die vordere Linie und den S\u00fcdrand von Remenoville ein. Trotz der erhablichen Verluste und des Munitionsmangels, der in vorderster Linie eintrat, wurden die Stellungen behauptet. Zur Entlastung des schwer bedr\u00e4ngten I. Bataillons war inzwischen das III. Bataillon am rechten Fl\u00fcgel des Regiments eingesetzt worden. Um dem verlustreichen feindlichen Artilleriefeuer auszuweichen, ging die vordere Linie zum Gegenangriff \u00fcber, III. Bataillon drang in Rozelieures ein. II. Bataillon und Teile des I. Bataillons entrissen dem Feind nach heftigem Kampf Vennezey und besetzten es. Das Vorgehen wurde von der Maschinengewehr-Kompanie tatkr\u00e4ftig unterst\u00fctzt, die mit zwei Z\u00fcgen am linken und mit einem Zug am rechten Fl\u00fcgel des II. Bataillons eingesetzt wurde.<\/em><\/p>\n<p><em>Infolge des immer mehr sich f\u00fchlbar machenden feindlichen Druckes am rechten Fl\u00fcgel und abermals eingetretenen Munitionsmangels gab die Division 4 Uhr nachmittags den Befehl zum R\u00fcckzug auf Gerb\u00e9viller. Die Losl\u00f6sung vom Feinde gelang ohne besondere Schwierigkeiten, da er nicht nachdr\u00e4ngte, aber das feindliche Artilleriefeuer verursachte teilweise noch gro\u00dfe Verluste. Vor Gerb\u00e9viller wurden die Verb\u00e4nde geordnet, nachts bezog das Regiment Biwak am Ostrand von Gerb\u00e9viller.&#8220;<\/em><\/p><\/blockquote>\n<p>Man begrub Johann Eggerl auf dem Soldatenfriedhof <span data-sheets-root=\"1\"><a class=\"in-cell-link\" href=\"https:\/\/goo.gl\/maps\/NEYBj8coyNq\" target=\"_blank\" rel=\"noopener\">Gerb\u00e9viller<\/a><\/span> in <span data-sheets-root=\"1\">Block 2, Grab 69.<\/span><\/p>\n<figure id=\"attachment_5594\" aria-describedby=\"caption-attachment-5594\" style=\"width: 491px\" class=\"wp-caption aligncenter\"><img loading=\"lazy\" decoding=\"async\" class=\"size-full wp-image-5594\" src=\"http:\/\/soldatenschicksale.de\/wp-content\/uploads\/2025\/05\/Graf-Wilhelm-Fugger-von-Gloett-Johann-Eggerl.jpg\" alt=\"\" width=\"491\" height=\"800\" srcset=\"http:\/\/soldatenschicksale.de\/wp-content\/uploads\/2025\/05\/Graf-Wilhelm-Fugger-von-Gloett-Johann-Eggerl.jpg 491w, http:\/\/soldatenschicksale.de\/wp-content\/uploads\/2025\/05\/Graf-Wilhelm-Fugger-von-Gloett-Johann-Eggerl-184x300.jpg 184w\" sizes=\"auto, (max-width: 491px) 85vw, 491px\" \/><figcaption id=\"caption-attachment-5594\" class=\"wp-caption-text\">Das Grab von Graf Wilhelm Fugger von Gl\u00f6tt und Johann Eggerl auf dem Soldatenfriedhof Gerb\u00e9viller<\/figcaption><\/figure>\n","protected":false},"excerpt":{"rendered":"<p>Johann Eggerl Oberndorf in der Pfalz, das damals zu Bayern, heute zu Rheinland-Pfalz geh\u00f6rt. Im Ersten Weltkrieg k\u00e4mpfte er als Infanterist in der 11. Kompanie des 17. bayerischen Infanterie-Regiments. Am 25.08.1914 fiel er w\u00e4hrend der Schlacht vor Nancy-Epinal bei Rozelieures (Verlustliste: Haudoviller) nahe Lun\u00e9ville. \u00dcber den Todestag und die Todesumst\u00e4nde von Johann Eggerl berichtet die &hellip; <a href=\"http:\/\/soldatenschicksale.de\/?p=5598\" class=\"more-link\"><span class=\"screen-reader-text\">\u201eSonderbeitrag: Johann Eggerl\u201c <\/span>weiterlesen<\/a><\/p>\n","protected":false},"author":2,"featured_media":0,"comment_status":"closed","ping_status":"open","sticky":false,"template":"","format":"standard","meta":{"footnotes":"","_wp_rev_ctl_limit":""},"categories":[1007,76,988,468,75],"tags":[2020,21,303,78,1848,990,2025,2023,2016,2021,2022,351,2024,1948,306,239],"class_list":["post-5598","post","type-post","status-publish","format-standard","hentry","category-1-weltkrieg","category-frankreich","category-grand-est","category-vogesen-elsass","category-westfront","tag-17-bayerisches-infanterie-regiment","tag-bayern","tag-elsass","tag-frankreich","tag-gerbeviller","tag-grand-est","tag-haudonville","tag-haudoviller","tag-luneville","tag-oberndorf","tag-pfalz","tag-rheinland-pfalz","tag-rozelieures","tag-schlacht-vor-nancy-epinal","tag-vogesen","tag-westfront"],"_links":{"self":[{"href":"http:\/\/soldatenschicksale.de\/index.php?rest_route=\/wp\/v2\/posts\/5598","targetHints":{"allow":["GET"]}}],"collection":[{"href":"http:\/\/soldatenschicksale.de\/index.php?rest_route=\/wp\/v2\/posts"}],"about":[{"href":"http:\/\/soldatenschicksale.de\/index.php?rest_route=\/wp\/v2\/types\/post"}],"author":[{"embeddable":true,"href":"http:\/\/soldatenschicksale.de\/index.php?rest_route=\/wp\/v2\/users\/2"}],"replies":[{"embeddable":true,"href":"http:\/\/soldatenschicksale.de\/index.php?rest_route=%2Fwp%2Fv2%2Fcomments&post=5598"}],"version-history":[{"count":3,"href":"http:\/\/soldatenschicksale.de\/index.php?rest_route=\/wp\/v2\/posts\/5598\/revisions"}],"predecessor-version":[{"id":5603,"href":"http:\/\/soldatenschicksale.de\/index.php?rest_route=\/wp\/v2\/posts\/5598\/revisions\/5603"}],"wp:attachment":[{"href":"http:\/\/soldatenschicksale.de\/index.php?rest_route=%2Fwp%2Fv2%2Fmedia&parent=5598"}],"wp:term":[{"taxonomy":"category","embeddable":true,"href":"http:\/\/soldatenschicksale.de\/index.php?rest_route=%2Fwp%2Fv2%2Fcategories&post=5598"},{"taxonomy":"post_tag","embeddable":true,"href":"http:\/\/soldatenschicksale.de\/index.php?rest_route=%2Fwp%2Fv2%2Ftags&post=5598"}],"curies":[{"name":"wp","href":"https:\/\/api.w.org\/{rel}","templated":true}]}}