{"id":5660,"date":"2025-10-08T00:00:04","date_gmt":"2025-10-07T22:00:04","guid":{"rendered":"http:\/\/soldatenschicksale.de\/?p=5660"},"modified":"2025-06-04T06:42:54","modified_gmt":"2025-06-04T04:42:54","slug":"soldatenschicksale-des-1-weltkrieges-teil-411-richard-creutz","status":"publish","type":"post","link":"http:\/\/soldatenschicksale.de\/?p=5660","title":{"rendered":"Soldatenschicksale des 1. Weltkrieges Teil 411: Richard Creutz"},"content":{"rendered":"<p>Der Soldat Richard Creutz stammte aus <a href=\"https:\/\/de.wikipedia.org\/wiki\/Albsheim_an_der_Eis\" target=\"_blank\" rel=\"noopener\">Albsheim an der Eis<\/a>, einem Ortsteil der Gemeine <a href=\"https:\/\/de.wikipedia.org\/wiki\/Obrigheim_(Pfalz)\" target=\"_blank\" rel=\"noopener\">Obrigheim<\/a> im heutigen Bundesland Rheinland-Pfalz. Im Ersten Weltkrieg k\u00e4mpfte er als Pionier in der\u00a0 9. Reserve-Kompanie des 2. bayerischen Reserve-Pionier-Bataillons. Am 16.06.1916 starb er im Lazarett <a href=\"https:\/\/de.wikipedia.org\/wiki\/Trois-%C3%89pis\" target=\"_blank\" rel=\"noopener\">Drei \u00c4hren<\/a> (franz\u00f6sisch: Trois-\u00c9pis), nachdem er zuvor bei den K\u00e4mpfen in den Vogesen n\u00f6rdlich der Stadt <a href=\"https:\/\/de.wikipedia.org\/wiki\/Munster_(Haut-Rhin)\" target=\"_blank\" rel=\"noopener\">M\u00fcnster<\/a> (franz\u00f6sisch: Munster, els\u00e4ssisch: Menschter) schwer verwundet worden war.<\/p>\n<p>Man begrub Richard Creutz auf dem Soldatenfriedhof <span data-sheets-root=\"1\"><a class=\"in-cell-link\" href=\"https:\/\/www.google.de\/maps\/place\/Ammerschwihr,+Frankreich\/@48.1167085,7.2318824,13z\/data=!3m1!4b1!4m5!3m4!1s0x479161162b7e2d4f:0x40a5fb99a3940d0!8m2!3d48.1256119!4d7.281956\" target=\"_blank\" rel=\"noopener\">Ammerschwihr<\/a><\/span> in Grab 227.<\/p>\n<figure id=\"attachment_3637\" aria-describedby=\"caption-attachment-3637\" style=\"width: 421px\" class=\"wp-caption aligncenter\"><img loading=\"lazy\" decoding=\"async\" class=\"size-full wp-image-3637\" src=\"http:\/\/soldatenschicksale.de\/wp-content\/uploads\/2025\/01\/Richard-Creutz.jpg\" alt=\"\" width=\"421\" height=\"800\" srcset=\"http:\/\/soldatenschicksale.de\/wp-content\/uploads\/2025\/01\/Richard-Creutz.jpg 421w, http:\/\/soldatenschicksale.de\/wp-content\/uploads\/2025\/01\/Richard-Creutz-158x300.jpg 158w\" sizes=\"auto, (max-width: 421px) 85vw, 421px\" \/><figcaption id=\"caption-attachment-3637\" class=\"wp-caption-text\">Das Grab von Richard Creutz auf dem Soldatenfriedhof Ammerschwihr<\/figcaption><\/figure>\n","protected":false},"excerpt":{"rendered":"<p>Der Soldat Richard Creutz stammte aus Albsheim an der Eis, einem Ortsteil der Gemeine Obrigheim im heutigen Bundesland Rheinland-Pfalz. Im Ersten Weltkrieg k\u00e4mpfte er als Pionier in der\u00a0 9. Reserve-Kompanie des 2. bayerischen Reserve-Pionier-Bataillons. Am 16.06.1916 starb er im Lazarett Drei \u00c4hren (franz\u00f6sisch: Trois-\u00c9pis), nachdem er zuvor bei den K\u00e4mpfen in den Vogesen n\u00f6rdlich der &hellip; <a href=\"http:\/\/soldatenschicksale.de\/?p=5660\" class=\"more-link\"><span class=\"screen-reader-text\">\u201eSoldatenschicksale des 1. Weltkrieges Teil 411: Richard Creutz\u201c <\/span>weiterlesen<\/a><\/p>\n","protected":false},"author":2,"featured_media":0,"comment_status":"closed","ping_status":"open","sticky":false,"template":"","format":"standard","meta":{"footnotes":"","_wp_rev_ctl_limit":""},"categories":[1007,76,988,468,75],"tags":[2029,2030,1479,1480,303,78,990,1566,1526,1486,2031,457,351,355,1481,306,239],"class_list":["post-5660","post","type-post","status-publish","format-standard","hentry","category-1-weltkrieg","category-frankreich","category-grand-est","category-vogesen-elsass","category-westfront","tag-2-bayerisches-reserve-pionier-bataillon","tag-albsheim","tag-ammerschwihr","tag-drei-aehren","tag-elsass","tag-frankreich","tag-grand-est","tag-lazarett-drei-aehren","tag-menschter","tag-muenster","tag-obrigheim","tag-pionier","tag-rheinland-pfalz","tag-schwer-verwundet","tag-trois-epis","tag-vogesen","tag-westfront"],"_links":{"self":[{"href":"http:\/\/soldatenschicksale.de\/index.php?rest_route=\/wp\/v2\/posts\/5660","targetHints":{"allow":["GET"]}}],"collection":[{"href":"http:\/\/soldatenschicksale.de\/index.php?rest_route=\/wp\/v2\/posts"}],"about":[{"href":"http:\/\/soldatenschicksale.de\/index.php?rest_route=\/wp\/v2\/types\/post"}],"author":[{"embeddable":true,"href":"http:\/\/soldatenschicksale.de\/index.php?rest_route=\/wp\/v2\/users\/2"}],"replies":[{"embeddable":true,"href":"http:\/\/soldatenschicksale.de\/index.php?rest_route=%2Fwp%2Fv2%2Fcomments&post=5660"}],"version-history":[{"count":3,"href":"http:\/\/soldatenschicksale.de\/index.php?rest_route=\/wp\/v2\/posts\/5660\/revisions"}],"predecessor-version":[{"id":5663,"href":"http:\/\/soldatenschicksale.de\/index.php?rest_route=\/wp\/v2\/posts\/5660\/revisions\/5663"}],"wp:attachment":[{"href":"http:\/\/soldatenschicksale.de\/index.php?rest_route=%2Fwp%2Fv2%2Fmedia&parent=5660"}],"wp:term":[{"taxonomy":"category","embeddable":true,"href":"http:\/\/soldatenschicksale.de\/index.php?rest_route=%2Fwp%2Fv2%2Fcategories&post=5660"},{"taxonomy":"post_tag","embeddable":true,"href":"http:\/\/soldatenschicksale.de\/index.php?rest_route=%2Fwp%2Fv2%2Ftags&post=5660"}],"curies":[{"name":"wp","href":"https:\/\/api.w.org\/{rel}","templated":true}]}}