{"id":5682,"date":"2025-10-12T00:00:01","date_gmt":"2025-10-11T22:00:01","guid":{"rendered":"http:\/\/soldatenschicksale.de\/?p=5682"},"modified":"2025-06-04T17:58:16","modified_gmt":"2025-06-04T15:58:16","slug":"soldatenschicksale-des-1-weltkrieges-teil-415-josef-liebl","status":"publish","type":"post","link":"http:\/\/soldatenschicksale.de\/?p=5682","title":{"rendered":"Soldatenschicksale des 1. Weltkrieges Teil 415: Josef Liebl"},"content":{"rendered":"<p>Der Soldat Josef Liebl stammte aus Galgenberg, Oberb. Im Ersten Weltkrieg k\u00e4mpfte er als Offiziersstellvertreter und Feldwebel in der 8. Kompanie des 1. bayerischen Landwehr-Infanterie-Regiments. Am 25.04.1916 starb er im Lazarett Drei \u00c4hern (franz\u00f6sisch: Trois-\u00c9pis) nachdem er zuvor w\u00e4hrend der K\u00e4mpfe n\u00f6rdlich der Stadt M\u00fcnster (franz\u00f6sisch: Munster, els\u00e4ssisch: Menschter) bei Unfall am <a href=\"https:\/\/maps.app.goo.gl\/BhbBRi4EkEJXeh4Z9\" target=\"_blank\" rel=\"noopener\">Quimberg<\/a> schwer verletzt worden war.<\/p>\n<p>Man begrub Josef Liebl auf dem Soldatenfriedhof <span data-sheets-root=\"1\"><a class=\"in-cell-link\" href=\"https:\/\/www.google.de\/maps\/place\/Ammerschwihr,+Frankreich\/@48.1167085,7.2318824,13z\/data=!3m1!4b1!4m5!3m4!1s0x479161162b7e2d4f:0x40a5fb99a3940d0!8m2!3d48.1256119!4d7.281956\" target=\"_blank\" rel=\"noopener\">Ammerschwihr<\/a><\/span> in Grab 144.<\/p>\n<figure id=\"attachment_3641\" aria-describedby=\"caption-attachment-3641\" style=\"width: 448px\" class=\"wp-caption aligncenter\"><img loading=\"lazy\" decoding=\"async\" class=\"size-full wp-image-3641\" src=\"http:\/\/soldatenschicksale.de\/wp-content\/uploads\/2025\/01\/Josef-Liebl.jpg\" alt=\"\" width=\"448\" height=\"800\" srcset=\"http:\/\/soldatenschicksale.de\/wp-content\/uploads\/2025\/01\/Josef-Liebl.jpg 448w, http:\/\/soldatenschicksale.de\/wp-content\/uploads\/2025\/01\/Josef-Liebl-168x300.jpg 168w\" sizes=\"auto, (max-width: 448px) 85vw, 448px\" \/><figcaption id=\"caption-attachment-3641\" class=\"wp-caption-text\">Das Grab von Josef Liebl auf dem Soldatenfriedhof Ammerschwihr<\/figcaption><\/figure>\n","protected":false},"excerpt":{"rendered":"<p>Der Soldat Josef Liebl stammte aus Galgenberg, Oberb. Im Ersten Weltkrieg k\u00e4mpfte er als Offiziersstellvertreter und Feldwebel in der 8. Kompanie des 1. bayerischen Landwehr-Infanterie-Regiments. Am 25.04.1916 starb er im Lazarett Drei \u00c4hern (franz\u00f6sisch: Trois-\u00c9pis) nachdem er zuvor w\u00e4hrend der K\u00e4mpfe n\u00f6rdlich der Stadt M\u00fcnster (franz\u00f6sisch: Munster, els\u00e4ssisch: Menschter) bei Unfall am Quimberg schwer verletzt &hellip; <a href=\"http:\/\/soldatenschicksale.de\/?p=5682\" class=\"more-link\"><span class=\"screen-reader-text\">\u201eSoldatenschicksale des 1. Weltkrieges Teil 415: Josef Liebl\u201c <\/span>weiterlesen<\/a><\/p>\n","protected":false},"author":2,"featured_media":0,"comment_status":"closed","ping_status":"open","sticky":false,"template":"","format":"standard","meta":{"footnotes":"","_wp_rev_ctl_limit":""},"categories":[1007,76,988,468,75],"tags":[1495,1479,21,1480,2036,55,78,2037,990,1566,1526,1486,1381,2038,355,1481,905,306,239],"class_list":["post-5682","post","type-post","status-publish","format-standard","hentry","category-1-weltkrieg","category-frankreich","category-grand-est","category-vogesen-elsass","category-westfront","tag-1-bayerisches-landwehr-infanterie-regiment","tag-ammerschwihr","tag-bayern","tag-drei-aehren","tag-ewlsass","tag-feldwebel","tag-frankreich","tag-galgenberg","tag-grand-est","tag-lazarett-drei-aehren","tag-menschter","tag-muenster","tag-offizierstellvertreter","tag-quimberg","tag-schwer-verwundet","tag-trois-epis","tag-unfall","tag-vogesen","tag-westfront"],"_links":{"self":[{"href":"http:\/\/soldatenschicksale.de\/index.php?rest_route=\/wp\/v2\/posts\/5682","targetHints":{"allow":["GET"]}}],"collection":[{"href":"http:\/\/soldatenschicksale.de\/index.php?rest_route=\/wp\/v2\/posts"}],"about":[{"href":"http:\/\/soldatenschicksale.de\/index.php?rest_route=\/wp\/v2\/types\/post"}],"author":[{"embeddable":true,"href":"http:\/\/soldatenschicksale.de\/index.php?rest_route=\/wp\/v2\/users\/2"}],"replies":[{"embeddable":true,"href":"http:\/\/soldatenschicksale.de\/index.php?rest_route=%2Fwp%2Fv2%2Fcomments&post=5682"}],"version-history":[{"count":3,"href":"http:\/\/soldatenschicksale.de\/index.php?rest_route=\/wp\/v2\/posts\/5682\/revisions"}],"predecessor-version":[{"id":5688,"href":"http:\/\/soldatenschicksale.de\/index.php?rest_route=\/wp\/v2\/posts\/5682\/revisions\/5688"}],"wp:attachment":[{"href":"http:\/\/soldatenschicksale.de\/index.php?rest_route=%2Fwp%2Fv2%2Fmedia&parent=5682"}],"wp:term":[{"taxonomy":"category","embeddable":true,"href":"http:\/\/soldatenschicksale.de\/index.php?rest_route=%2Fwp%2Fv2%2Fcategories&post=5682"},{"taxonomy":"post_tag","embeddable":true,"href":"http:\/\/soldatenschicksale.de\/index.php?rest_route=%2Fwp%2Fv2%2Ftags&post=5682"}],"curies":[{"name":"wp","href":"https:\/\/api.w.org\/{rel}","templated":true}]}}