{"id":5703,"date":"2025-10-15T00:00:16","date_gmt":"2025-10-14T22:00:16","guid":{"rendered":"http:\/\/soldatenschicksale.de\/?p=5703"},"modified":"2025-06-06T11:42:21","modified_gmt":"2025-06-06T09:42:21","slug":"soldatenschicksale-des-1-weltkrieges-teil-418-sebastian-lanzinger","status":"publish","type":"post","link":"http:\/\/soldatenschicksale.de\/?p=5703","title":{"rendered":"Soldatenschicksale des 1. Weltkrieges Teil 418: Sebastian Lanzinger"},"content":{"rendered":"<p>Der Soldat Sebastian Lanzinger stammte aus <a href=\"https:\/\/de.wikipedia.org\/wiki\/Eppenh%C3%B6ning\" target=\"_blank\" rel=\"noopener\">Eppenh\u00f6ning<\/a>, einem Ortsteil der bayerischen Stadt <a href=\"https:\/\/de.wikipedia.org\/wiki\/Dorfen\" target=\"_blank\" rel=\"noopener\">Dorfen<\/a>. Im Ersten Weltkrieg k\u00e4mpfte er als Landsturmmann in der Maschinengewehr-Kompanie des 2. bayerischen Landwehr-Infanterie-Regiments. Am 25.04.1916 fiel er w\u00e4hrend der K\u00e4mpfe in den Vogesen n\u00f6rdlich der Stadt <a href=\"https:\/\/de.wikipedia.org\/wiki\/Munster_(Haut-Rhin)\" target=\"_blank\" rel=\"noopener\">M\u00fcnster<\/a> (franz\u00f6sisch: Munster, els\u00e4ssisch: Menschter).<\/p>\n<p>Man begrub Sebastian Lanzinger auf dem Soldatenfriedhof <span data-sheets-root=\"1\"><a class=\"in-cell-link\" href=\"https:\/\/www.google.de\/maps\/place\/Ammerschwihr,+Frankreich\/@48.1167085,7.2318824,13z\/data=!3m1!4b1!4m5!3m4!1s0x479161162b7e2d4f:0x40a5fb99a3940d0!8m2!3d48.1256119!4d7.281956\" target=\"_blank\" rel=\"noopener\">Ammerschwihr<\/a><\/span> in Grab 147.<\/p>\n<p>In seiner Heimatstadt Dorfen gedenkt man Sebastian Lanzinger noch heute auf einem Denkmal: <a href=\"http:\/\/www.denkmalprojekt.org\/dkm_deutschland\/dorfen-schwindkirchen_wk1u2bw_bay.htm\" target=\"_blank\" rel=\"noopener\">http:\/\/www.denkmalprojekt.org\/dkm_deutschland\/dorfen-schwindkirchen_wk1u2bw_bay.htm<\/a><\/p>\n<figure id=\"attachment_3643\" aria-describedby=\"caption-attachment-3643\" style=\"width: 397px\" class=\"wp-caption aligncenter\"><img loading=\"lazy\" decoding=\"async\" class=\"size-full wp-image-3643\" src=\"http:\/\/soldatenschicksale.de\/wp-content\/uploads\/2025\/01\/Sebastian-Lanzinger.jpg\" alt=\"\" width=\"397\" height=\"800\" srcset=\"http:\/\/soldatenschicksale.de\/wp-content\/uploads\/2025\/01\/Sebastian-Lanzinger.jpg 397w, http:\/\/soldatenschicksale.de\/wp-content\/uploads\/2025\/01\/Sebastian-Lanzinger-149x300.jpg 149w\" sizes=\"auto, (max-width: 397px) 85vw, 397px\" \/><figcaption id=\"caption-attachment-3643\" class=\"wp-caption-text\">Das Grab von Sebastian Lanzinger auf dem Soldatenfriedhof Ammerschwihr<\/figcaption><\/figure>\n","protected":false},"excerpt":{"rendered":"<p>Der Soldat Sebastian Lanzinger stammte aus Eppenh\u00f6ning, einem Ortsteil der bayerischen Stadt Dorfen. Im Ersten Weltkrieg k\u00e4mpfte er als Landsturmmann in der Maschinengewehr-Kompanie des 2. bayerischen Landwehr-Infanterie-Regiments. Am 25.04.1916 fiel er w\u00e4hrend der K\u00e4mpfe in den Vogesen n\u00f6rdlich der Stadt M\u00fcnster (franz\u00f6sisch: Munster, els\u00e4ssisch: Menschter). Man begrub Sebastian Lanzinger auf dem Soldatenfriedhof Ammerschwihr in Grab &hellip; <a href=\"http:\/\/soldatenschicksale.de\/?p=5703\" class=\"more-link\"><span class=\"screen-reader-text\">\u201eSoldatenschicksale des 1. Weltkrieges Teil 418: Sebastian Lanzinger\u201c <\/span>weiterlesen<\/a><\/p>\n","protected":false},"author":2,"featured_media":0,"comment_status":"closed","ping_status":"open","sticky":false,"template":"","format":"standard","meta":{"footnotes":"","_wp_rev_ctl_limit":""},"categories":[1007,76,988,468,75],"tags":[1506,1479,21,30,1723,303,2043,78,990,1094,211,306,239],"class_list":["post-5703","post","type-post","status-publish","format-standard","hentry","category-1-weltkrieg","category-frankreich","category-grand-est","category-vogesen-elsass","category-westfront","tag-2-bayerisches-landwehr-infanterie-regiment","tag-ammerschwihr","tag-bayern","tag-denkmal","tag-dorfen","tag-elsass","tag-eppenhoening","tag-frankreich","tag-grand-est","tag-landsturmmann","tag-maschinengewehr-kompanie","tag-vogesen","tag-westfront"],"_links":{"self":[{"href":"http:\/\/soldatenschicksale.de\/index.php?rest_route=\/wp\/v2\/posts\/5703","targetHints":{"allow":["GET"]}}],"collection":[{"href":"http:\/\/soldatenschicksale.de\/index.php?rest_route=\/wp\/v2\/posts"}],"about":[{"href":"http:\/\/soldatenschicksale.de\/index.php?rest_route=\/wp\/v2\/types\/post"}],"author":[{"embeddable":true,"href":"http:\/\/soldatenschicksale.de\/index.php?rest_route=\/wp\/v2\/users\/2"}],"replies":[{"embeddable":true,"href":"http:\/\/soldatenschicksale.de\/index.php?rest_route=%2Fwp%2Fv2%2Fcomments&post=5703"}],"version-history":[{"count":3,"href":"http:\/\/soldatenschicksale.de\/index.php?rest_route=\/wp\/v2\/posts\/5703\/revisions"}],"predecessor-version":[{"id":5710,"href":"http:\/\/soldatenschicksale.de\/index.php?rest_route=\/wp\/v2\/posts\/5703\/revisions\/5710"}],"wp:attachment":[{"href":"http:\/\/soldatenschicksale.de\/index.php?rest_route=%2Fwp%2Fv2%2Fmedia&parent=5703"}],"wp:term":[{"taxonomy":"category","embeddable":true,"href":"http:\/\/soldatenschicksale.de\/index.php?rest_route=%2Fwp%2Fv2%2Fcategories&post=5703"},{"taxonomy":"post_tag","embeddable":true,"href":"http:\/\/soldatenschicksale.de\/index.php?rest_route=%2Fwp%2Fv2%2Ftags&post=5703"}],"curies":[{"name":"wp","href":"https:\/\/api.w.org\/{rel}","templated":true}]}}