{"id":5719,"date":"2025-10-17T00:00:23","date_gmt":"2025-10-16T22:00:23","guid":{"rendered":"http:\/\/soldatenschicksale.de\/?p=5719"},"modified":"2025-06-06T18:51:55","modified_gmt":"2025-06-06T16:51:55","slug":"soldatenschicksale-des-1-weltkrieges-teil-420-georg-leingartner","status":"publish","type":"post","link":"http:\/\/soldatenschicksale.de\/?p=5719","title":{"rendered":"Soldatenschicksale des 1. Weltkrieges Teil 420: Georg Leingartner"},"content":{"rendered":"<p>Der Soldat Georg Leingartner stammte aus <a href=\"https:\/\/de.wikipedia.org\/wiki\/Stetten\" target=\"_blank\" rel=\"noopener\">Stetten<\/a>, einem Ort in Bayern. Im Ersten Weltkrieg k\u00e4mpfte er als Gefreiter in der 3. Kompanie des 1. bayerischen Landwehr-Infanterie-Regiments. Am 07.08.1918 verungl\u00fcckte er am B\u00e4renstall, n\u00f6rdlich der Stadt <a href=\"https:\/\/de.wikipedia.org\/wiki\/Munster_(Haut-Rhin)\" target=\"_blank\" rel=\"noopener\">M\u00fcnster<\/a> (franz\u00f6sisch: Munster, els\u00e4ssisch: Menschter) t\u00f6dlich. Der B\u00e4renstall ist heute der deutsche Soldatenfriedhof <span data-sheets-root=\"1\"><a class=\"in-cell-link\" href=\"https:\/\/www.google.de\/maps\/place\/La+n%C3%A9cropole+allemande+du+Linge+Hohrod\/@48.0789162,7.1419617,494m\/data=!3m1!1e3!4m12!1m6!3m5!1s0x4793d8d8db925e89:0xba92ac4cb3276849!2sLinge+Memorial!8m2!3d48.083526!4d7.140328!3m4!1s0x4793d8ddb8ffffff:0xf865918dce0a94d2!8m2!3d48.0789042!4d7.1443239\" target=\"_blank\" rel=\"noopener\">Hohrod<\/a><\/span>.<\/p>\n<p>Man begrub Georg Leingartner auf dem Soldatenfriedhof <span data-sheets-root=\"1\"><a class=\"in-cell-link\" href=\"https:\/\/www.google.de\/maps\/place\/Ammerschwihr,+Frankreich\/@48.1167085,7.2318824,13z\/data=!3m1!4b1!4m5!3m4!1s0x479161162b7e2d4f:0x40a5fb99a3940d0!8m2!3d48.1256119!4d7.281956\" target=\"_blank\" rel=\"noopener\">Ammerschwihr<\/a><\/span> in Grab 263.<\/p>\n<p>In M\u00fchldorf am Inn gedenkt man Georg Leingartner noch heute auf einem Denkmal: <a href=\"http:\/\/www.denkmalprojekt.org\/dkm_deutschland\/muehldorf_a_inn_1870-71_wk1u2_bay.htm\" target=\"_blank\" rel=\"noopener\">http:\/\/www.denkmalprojekt.org\/dkm_deutschland\/muehldorf_a_inn_1870-71_wk1u2_bay.htm<\/a><\/p>\n<figure id=\"attachment_3647\" aria-describedby=\"caption-attachment-3647\" style=\"width: 430px\" class=\"wp-caption aligncenter\"><img loading=\"lazy\" decoding=\"async\" class=\"size-full wp-image-3647\" src=\"http:\/\/soldatenschicksale.de\/wp-content\/uploads\/2025\/01\/Georg-Leingartner.jpg\" alt=\"\" width=\"430\" height=\"800\" srcset=\"http:\/\/soldatenschicksale.de\/wp-content\/uploads\/2025\/01\/Georg-Leingartner.jpg 430w, http:\/\/soldatenschicksale.de\/wp-content\/uploads\/2025\/01\/Georg-Leingartner-161x300.jpg 161w\" sizes=\"auto, (max-width: 430px) 85vw, 430px\" \/><figcaption id=\"caption-attachment-3647\" class=\"wp-caption-text\">Das Grab von Georg Leingartner auf dem Soldatenfriedhof Ammerschwihr<\/figcaption><\/figure>\n","protected":false},"excerpt":{"rendered":"<p>Der Soldat Georg Leingartner stammte aus Stetten, einem Ort in Bayern. Im Ersten Weltkrieg k\u00e4mpfte er als Gefreiter in der 3. Kompanie des 1. bayerischen Landwehr-Infanterie-Regiments. Am 07.08.1918 verungl\u00fcckte er am B\u00e4renstall, n\u00f6rdlich der Stadt M\u00fcnster (franz\u00f6sisch: Munster, els\u00e4ssisch: Menschter) t\u00f6dlich. Der B\u00e4renstall ist heute der deutsche Soldatenfriedhof Hohrod. Man begrub Georg Leingartner auf dem &hellip; <a href=\"http:\/\/soldatenschicksale.de\/?p=5719\" class=\"more-link\"><span class=\"screen-reader-text\">\u201eSoldatenschicksale des 1. Weltkrieges Teil 420: Georg Leingartner\u201c <\/span>weiterlesen<\/a><\/p>\n","protected":false},"author":2,"featured_media":0,"comment_status":"closed","ping_status":"open","sticky":false,"template":"","format":"standard","meta":{"footnotes":"","_wp_rev_ctl_limit":""},"categories":[1007,76,988,468,75],"tags":[1495,1479,1511,21,30,11,1526,1486,1933],"class_list":["post-5719","post","type-post","status-publish","format-standard","hentry","category-1-weltkrieg","category-frankreich","category-grand-est","category-vogesen-elsass","category-westfront","tag-1-bayerisches-landwehr-infanterie-regiment","tag-ammerschwihr","tag-baerenstall","tag-bayern","tag-denkmal","tag-gefreiter","tag-menschter","tag-muenster","tag-stetten"],"_links":{"self":[{"href":"http:\/\/soldatenschicksale.de\/index.php?rest_route=\/wp\/v2\/posts\/5719","targetHints":{"allow":["GET"]}}],"collection":[{"href":"http:\/\/soldatenschicksale.de\/index.php?rest_route=\/wp\/v2\/posts"}],"about":[{"href":"http:\/\/soldatenschicksale.de\/index.php?rest_route=\/wp\/v2\/types\/post"}],"author":[{"embeddable":true,"href":"http:\/\/soldatenschicksale.de\/index.php?rest_route=\/wp\/v2\/users\/2"}],"replies":[{"embeddable":true,"href":"http:\/\/soldatenschicksale.de\/index.php?rest_route=%2Fwp%2Fv2%2Fcomments&post=5719"}],"version-history":[{"count":3,"href":"http:\/\/soldatenschicksale.de\/index.php?rest_route=\/wp\/v2\/posts\/5719\/revisions"}],"predecessor-version":[{"id":5725,"href":"http:\/\/soldatenschicksale.de\/index.php?rest_route=\/wp\/v2\/posts\/5719\/revisions\/5725"}],"wp:attachment":[{"href":"http:\/\/soldatenschicksale.de\/index.php?rest_route=%2Fwp%2Fv2%2Fmedia&parent=5719"}],"wp:term":[{"taxonomy":"category","embeddable":true,"href":"http:\/\/soldatenschicksale.de\/index.php?rest_route=%2Fwp%2Fv2%2Fcategories&post=5719"},{"taxonomy":"post_tag","embeddable":true,"href":"http:\/\/soldatenschicksale.de\/index.php?rest_route=%2Fwp%2Fv2%2Ftags&post=5719"}],"curies":[{"name":"wp","href":"https:\/\/api.w.org\/{rel}","templated":true}]}}