{"id":5733,"date":"2025-10-19T00:00:19","date_gmt":"2025-10-18T22:00:19","guid":{"rendered":"http:\/\/soldatenschicksale.de\/?p=5733"},"modified":"2025-06-06T19:17:18","modified_gmt":"2025-06-06T17:17:18","slug":"soldatenschicksale-des-1-weltkrieges-teil-422-alois-lenz","status":"publish","type":"post","link":"http:\/\/soldatenschicksale.de\/?p=5733","title":{"rendered":"Soldatenschicksale des 1. Weltkrieges Teil 422: Alois Lenz"},"content":{"rendered":"<p>Der Soldat Alois Lenz stammte aus <a href=\"https:\/\/de.wikipedia.org\/wiki\/Kreuzberg_(Freyung)\" target=\"_blank\" rel=\"noopener\">Kreuzberg<\/a>, einem Ortsteil der bayerischen Stadt <a href=\"https:\/\/de.wikipedia.org\/wiki\/Freyung\" target=\"_blank\" rel=\"noopener\">Freyung<\/a>. Im Ersten Weltkrieg k\u00e4mpfte er als Unteroffizier in der 7. Kompanie des 1. bayerischen Landwehr-Infanterie-Regiments. Am 14.07.1918 fiel er w\u00e4hrend der K\u00e4mpfe n\u00f6rdlich der Stadt <a href=\"https:\/\/de.wikipedia.org\/wiki\/Munster_(Haut-Rhin)\" target=\"_blank\" rel=\"noopener\">M\u00fcnster<\/a> (franz\u00f6sisch: Munster, els\u00e4ssisch: Menschter) am <a href=\"https:\/\/maps.app.goo.gl\/umjSdc2asedii2zn9\" target=\"_blank\" rel=\"noopener\">Barrenkopf<\/a>.<\/p>\n<p>Man begrub Alois Lenz auf dem Soldatenfriedhof <span data-sheets-root=\"1\"><a class=\"in-cell-link\" href=\"https:\/\/www.google.de\/maps\/place\/Ammerschwihr,+Frankreich\/@48.1167085,7.2318824,13z\/data=!3m1!4b1!4m5!3m4!1s0x479161162b7e2d4f:0x40a5fb99a3940d0!8m2!3d48.1256119!4d7.281956\" target=\"_blank\" rel=\"noopener\">Ammerschwihr<\/a><\/span> in Grab 265.<\/p>\n<p>In seiner Heimatstadt Freyung gedenkt man Alois Lenz noch heute auf einem Denkmal: <a href=\"http:\/\/www.denkmalprojekt.org\/2008\/freyung-kreuzberg_wk1u2_bay.htm\" target=\"_blank\" rel=\"noopener\">http:\/\/www.denkmalprojekt.org\/2008\/freyung-kreuzberg_wk1u2_bay.htm<\/a><\/p>\n<figure id=\"attachment_3645\" aria-describedby=\"caption-attachment-3645\" style=\"width: 461px\" class=\"wp-caption aligncenter\"><img loading=\"lazy\" decoding=\"async\" class=\"size-full wp-image-3645\" src=\"http:\/\/soldatenschicksale.de\/wp-content\/uploads\/2025\/01\/Alois-Lenz.jpg\" alt=\"\" width=\"461\" height=\"800\" srcset=\"http:\/\/soldatenschicksale.de\/wp-content\/uploads\/2025\/01\/Alois-Lenz.jpg 461w, http:\/\/soldatenschicksale.de\/wp-content\/uploads\/2025\/01\/Alois-Lenz-173x300.jpg 173w\" sizes=\"auto, (max-width: 461px) 85vw, 461px\" \/><figcaption id=\"caption-attachment-3645\" class=\"wp-caption-text\">Das Grab von Alois Lenz auf dem Soldatenfriedhof Ammerschwihr<\/figcaption><\/figure>\n","protected":false},"excerpt":{"rendered":"<p>Der Soldat Alois Lenz stammte aus Kreuzberg, einem Ortsteil der bayerischen Stadt Freyung. Im Ersten Weltkrieg k\u00e4mpfte er als Unteroffizier in der 7. Kompanie des 1. bayerischen Landwehr-Infanterie-Regiments. Am 14.07.1918 fiel er w\u00e4hrend der K\u00e4mpfe n\u00f6rdlich der Stadt M\u00fcnster (franz\u00f6sisch: Munster, els\u00e4ssisch: Menschter) am Barrenkopf. Man begrub Alois Lenz auf dem Soldatenfriedhof Ammerschwihr in Grab &hellip; <a href=\"http:\/\/soldatenschicksale.de\/?p=5733\" class=\"more-link\"><span class=\"screen-reader-text\">\u201eSoldatenschicksale des 1. Weltkrieges Teil 422: Alois Lenz\u201c <\/span>weiterlesen<\/a><\/p>\n","protected":false},"author":2,"featured_media":0,"comment_status":"closed","ping_status":"open","sticky":false,"template":"","format":"standard","meta":{"footnotes":"","_wp_rev_ctl_limit":""},"categories":[1007,76,988,468,75],"tags":[1495,1479,1663,21,30,303,78,2046,990,2045,1526,1486,100,306,239],"class_list":["post-5733","post","type-post","status-publish","format-standard","hentry","category-1-weltkrieg","category-frankreich","category-grand-est","category-vogesen-elsass","category-westfront","tag-1-bayerisches-landwehr-infanterie-regiment","tag-ammerschwihr","tag-barrenkopf","tag-bayern","tag-denkmal","tag-elsass","tag-frankreich","tag-freyung","tag-grand-est","tag-kreuzberg","tag-menschter","tag-muenster","tag-unteroffizier","tag-vogesen","tag-westfront"],"_links":{"self":[{"href":"http:\/\/soldatenschicksale.de\/index.php?rest_route=\/wp\/v2\/posts\/5733","targetHints":{"allow":["GET"]}}],"collection":[{"href":"http:\/\/soldatenschicksale.de\/index.php?rest_route=\/wp\/v2\/posts"}],"about":[{"href":"http:\/\/soldatenschicksale.de\/index.php?rest_route=\/wp\/v2\/types\/post"}],"author":[{"embeddable":true,"href":"http:\/\/soldatenschicksale.de\/index.php?rest_route=\/wp\/v2\/users\/2"}],"replies":[{"embeddable":true,"href":"http:\/\/soldatenschicksale.de\/index.php?rest_route=%2Fwp%2Fv2%2Fcomments&post=5733"}],"version-history":[{"count":3,"href":"http:\/\/soldatenschicksale.de\/index.php?rest_route=\/wp\/v2\/posts\/5733\/revisions"}],"predecessor-version":[{"id":5738,"href":"http:\/\/soldatenschicksale.de\/index.php?rest_route=\/wp\/v2\/posts\/5733\/revisions\/5738"}],"wp:attachment":[{"href":"http:\/\/soldatenschicksale.de\/index.php?rest_route=%2Fwp%2Fv2%2Fmedia&parent=5733"}],"wp:term":[{"taxonomy":"category","embeddable":true,"href":"http:\/\/soldatenschicksale.de\/index.php?rest_route=%2Fwp%2Fv2%2Fcategories&post=5733"},{"taxonomy":"post_tag","embeddable":true,"href":"http:\/\/soldatenschicksale.de\/index.php?rest_route=%2Fwp%2Fv2%2Ftags&post=5733"}],"curies":[{"name":"wp","href":"https:\/\/api.w.org\/{rel}","templated":true}]}}