{"id":5765,"date":"2025-10-24T00:00:01","date_gmt":"2025-10-23T22:00:01","guid":{"rendered":"http:\/\/soldatenschicksale.de\/?p=5765"},"modified":"2025-06-10T06:22:38","modified_gmt":"2025-06-10T04:22:38","slug":"soldatenschicksale-des-1-weltkrieges-teil-427-peter-schneider","status":"publish","type":"post","link":"http:\/\/soldatenschicksale.de\/?p=5765","title":{"rendered":"Soldatenschicksale des 1. Weltkrieges Teil 427: Peter Schneider"},"content":{"rendered":"<p>Der Soldat Peter Schneider wurde am 10.01.1894 in <a href=\"https:\/\/de.wikipedia.org\/wiki\/Walddachsbach\" target=\"_blank\" rel=\"noopener\">Walddachsbach<\/a> geboren, einem Ortsteil der bayerischen Gemeinde <a href=\"https:\/\/de.wikipedia.org\/wiki\/Dietersheim\" target=\"_blank\" rel=\"noopener\">Dietersheim<\/a>. Er k\u00e4mpfte im Ersten Weltkrieg als Kanonier in der 4. Batterie des 9. bayerischen Reserve-Feldartillerie-Regiments. Am 04.03.1915 fiel er w\u00e4hrend der K\u00e4mpfe in den Vogesen nahe der Stadt <a href=\"https:\/\/de.wikipedia.org\/wiki\/Munster_(Haut-Rhin)\" target=\"_blank\" rel=\"noopener\">M\u00fcnster<\/a> (franz\u00f6sisch: Munster, els\u00e4ssisch: Menschter). Peter Schneider wurde 21 Jahre alt.<\/p>\n<p>Man begrub Peter Schneider auf dem Soldatenfriedhof <span data-sheets-root=\"1\"><a class=\"in-cell-link\" href=\"https:\/\/goo.gl\/maps\/P4rSTZbxnXm\" target=\"_blank\" rel=\"noopener\">Munster<\/a><\/span> in <span data-sheets-root=\"1\">Block 1, Grab 9.<\/span><\/p>\n<p>In seinem Heimatort Walddachsbach gedenkt man Peter Schneider noch heute auf einem Denkmal: <a href=\"http:\/\/www.denkmalprojekt.org\/2014\/walddachsbach_gem-dietersheim_lk-neustadt-an-der-aisch-bad-windsheim_wk1_wk2_bay.html\" target=\"_blank\" rel=\"noopener\">http:\/\/www.denkmalprojekt.org\/2014\/walddachsbach_gem-dietersheim_lk-neustadt-an-der-aisch-bad-windsheim_wk1_wk2_bay.html<\/a><\/p>\n<figure id=\"attachment_3963\" aria-describedby=\"caption-attachment-3963\" style=\"width: 555px\" class=\"wp-caption aligncenter\"><img loading=\"lazy\" decoding=\"async\" class=\"size-full wp-image-3963\" src=\"http:\/\/soldatenschicksale.de\/wp-content\/uploads\/2025\/02\/Peter-Schneider-August-Krieg.jpg\" alt=\"\" width=\"555\" height=\"800\" srcset=\"http:\/\/soldatenschicksale.de\/wp-content\/uploads\/2025\/02\/Peter-Schneider-August-Krieg.jpg 555w, http:\/\/soldatenschicksale.de\/wp-content\/uploads\/2025\/02\/Peter-Schneider-August-Krieg-208x300.jpg 208w\" sizes=\"auto, (max-width: 555px) 85vw, 555px\" \/><figcaption id=\"caption-attachment-3963\" class=\"wp-caption-text\">Das Grab von Peter Schneider und August Krieg auf dem Soldatenfriedhof M\u00fcnster<\/figcaption><\/figure>\n","protected":false},"excerpt":{"rendered":"<p>Der Soldat Peter Schneider wurde am 10.01.1894 in Walddachsbach geboren, einem Ortsteil der bayerischen Gemeinde Dietersheim. Er k\u00e4mpfte im Ersten Weltkrieg als Kanonier in der 4. Batterie des 9. bayerischen Reserve-Feldartillerie-Regiments. Am 04.03.1915 fiel er w\u00e4hrend der K\u00e4mpfe in den Vogesen nahe der Stadt M\u00fcnster (franz\u00f6sisch: Munster, els\u00e4ssisch: Menschter). Peter Schneider wurde 21 Jahre alt. &hellip; <a href=\"http:\/\/soldatenschicksale.de\/?p=5765\" class=\"more-link\"><span class=\"screen-reader-text\">\u201eSoldatenschicksale des 1. Weltkrieges Teil 427: Peter Schneider\u201c <\/span>weiterlesen<\/a><\/p>\n","protected":false},"author":2,"featured_media":0,"comment_status":"closed","ping_status":"open","sticky":false,"template":"","format":"standard","meta":{"footnotes":"","_wp_rev_ctl_limit":""},"categories":[1007,76,988,468,75],"tags":[2053,21,30,2055,303,78,990,747,1526,1486,306,2054,239],"class_list":["post-5765","post","type-post","status-publish","format-standard","hentry","category-1-weltkrieg","category-frankreich","category-grand-est","category-vogesen-elsass","category-westfront","tag-9-bayerisches-reserve-feldartillerie-regiment","tag-bayern","tag-denkmal","tag-dietersheim","tag-elsass","tag-frankreich","tag-grand-est","tag-kanonier","tag-menschter","tag-muenster","tag-vogesen","tag-walddachsbach","tag-westfront"],"_links":{"self":[{"href":"http:\/\/soldatenschicksale.de\/index.php?rest_route=\/wp\/v2\/posts\/5765","targetHints":{"allow":["GET"]}}],"collection":[{"href":"http:\/\/soldatenschicksale.de\/index.php?rest_route=\/wp\/v2\/posts"}],"about":[{"href":"http:\/\/soldatenschicksale.de\/index.php?rest_route=\/wp\/v2\/types\/post"}],"author":[{"embeddable":true,"href":"http:\/\/soldatenschicksale.de\/index.php?rest_route=\/wp\/v2\/users\/2"}],"replies":[{"embeddable":true,"href":"http:\/\/soldatenschicksale.de\/index.php?rest_route=%2Fwp%2Fv2%2Fcomments&post=5765"}],"version-history":[{"count":3,"href":"http:\/\/soldatenschicksale.de\/index.php?rest_route=\/wp\/v2\/posts\/5765\/revisions"}],"predecessor-version":[{"id":5771,"href":"http:\/\/soldatenschicksale.de\/index.php?rest_route=\/wp\/v2\/posts\/5765\/revisions\/5771"}],"wp:attachment":[{"href":"http:\/\/soldatenschicksale.de\/index.php?rest_route=%2Fwp%2Fv2%2Fmedia&parent=5765"}],"wp:term":[{"taxonomy":"category","embeddable":true,"href":"http:\/\/soldatenschicksale.de\/index.php?rest_route=%2Fwp%2Fv2%2Fcategories&post=5765"},{"taxonomy":"post_tag","embeddable":true,"href":"http:\/\/soldatenschicksale.de\/index.php?rest_route=%2Fwp%2Fv2%2Ftags&post=5765"}],"curies":[{"name":"wp","href":"https:\/\/api.w.org\/{rel}","templated":true}]}}