{"id":5830,"date":"2025-10-31T00:00:57","date_gmt":"2025-10-30T23:00:57","guid":{"rendered":"http:\/\/soldatenschicksale.de\/?p=5830"},"modified":"2025-06-13T11:17:32","modified_gmt":"2025-06-13T09:17:32","slug":"soldatenschicksale-des-1-weltkrieges-teil-434-georg-felsheim","status":"publish","type":"post","link":"http:\/\/soldatenschicksale.de\/?p=5830","title":{"rendered":"Soldatenschicksale des 1. Weltkrieges Teil 434: Georg Felsheim"},"content":{"rendered":"<p>Der Soldat Georg Felsheim stammte aus <a href=\"https:\/\/de.wikipedia.org\/wiki\/Merkendorf_(Memmelsdorf)\" target=\"_blank\" rel=\"noopener\">Merkendorf<\/a>, einem Ortsteil der bayerischen Gemeinde <a href=\"https:\/\/de.wikipedia.org\/wiki\/Memmelsdorf\" target=\"_blank\" rel=\"noopener\">Memmelsdorf<\/a>. Im Ersten Weltkrieg k\u00e4mpfte er als J\u00e4ger in der 8. bayerischen Reserve-Radfahrer-Kompanie, die als Ersatz-Radfahrer-Kompanie dem 2. bayerischen Reserve-J\u00e4ger-Bataillon zugeordnet war. Am 07.05.1915 (Regimentsgeschichte: 05.05.1915) verstarb er in einem Lazarett in der Stadt <a href=\"https:\/\/de.wikipedia.org\/wiki\/Munster_(Haut-Rhin)\" target=\"_blank\" rel=\"noopener\">M\u00fcnster<\/a> (franz\u00f6sisch: Munster, els\u00e4ssisch: Menschter) nachdem er zuvor im Kampf schwer verwundet worden war.<\/p>\n<p>Man begrub Georg Felsheim auf dem Soldatenfriedhof <span data-sheets-root=\"1\"><a class=\"in-cell-link\" href=\"https:\/\/goo.gl\/maps\/P4rSTZbxnXm\" target=\"_blank\" rel=\"noopener\">Munster<\/a><\/span> in <span data-sheets-root=\"1\">Block 1, Grab 16.<\/span><\/p>\n<p>In seiner Heimatgemeinde Memmelsdorf gedenkt man Georg Felsheim noch heute auf einem Denkmal: <a href=\"http:\/\/www.denkmalprojekt.org\/2014\/memmelsdorf_lk-bamberg_wk1_wk2_bay.html\" target=\"_blank\" rel=\"noopener\">http:\/\/www.denkmalprojekt.org\/2014\/memmelsdorf_lk-bamberg_wk1_wk2_bay.html<\/a><\/p>\n<figure id=\"attachment_3965\" aria-describedby=\"caption-attachment-3965\" style=\"width: 510px\" class=\"wp-caption aligncenter\"><img loading=\"lazy\" decoding=\"async\" class=\"size-full wp-image-3965\" src=\"http:\/\/soldatenschicksale.de\/wp-content\/uploads\/2025\/02\/Simon-Dumberger-Georg-Felsheim.jpg\" alt=\"\" width=\"510\" height=\"800\" srcset=\"http:\/\/soldatenschicksale.de\/wp-content\/uploads\/2025\/02\/Simon-Dumberger-Georg-Felsheim.jpg 510w, http:\/\/soldatenschicksale.de\/wp-content\/uploads\/2025\/02\/Simon-Dumberger-Georg-Felsheim-191x300.jpg 191w\" sizes=\"auto, (max-width: 510px) 85vw, 510px\" \/><figcaption id=\"caption-attachment-3965\" class=\"wp-caption-text\">Das Grab von Simon Dumberger und Georg Felsheim auf dem Soldatenfriedhof M\u00fcnster<\/figcaption><\/figure>\n","protected":false},"excerpt":{"rendered":"<p>Der Soldat Georg Felsheim stammte aus Merkendorf, einem Ortsteil der bayerischen Gemeinde Memmelsdorf. Im Ersten Weltkrieg k\u00e4mpfte er als J\u00e4ger in der 8. bayerischen Reserve-Radfahrer-Kompanie, die als Ersatz-Radfahrer-Kompanie dem 2. bayerischen Reserve-J\u00e4ger-Bataillon zugeordnet war. Am 07.05.1915 (Regimentsgeschichte: 05.05.1915) verstarb er in einem Lazarett in der Stadt M\u00fcnster (franz\u00f6sisch: Munster, els\u00e4ssisch: Menschter) nachdem er zuvor im &hellip; <a href=\"http:\/\/soldatenschicksale.de\/?p=5830\" class=\"more-link\"><span class=\"screen-reader-text\">\u201eSoldatenschicksale des 1. Weltkrieges Teil 434: Georg Felsheim\u201c <\/span>weiterlesen<\/a><\/p>\n","protected":false},"author":2,"featured_media":0,"comment_status":"closed","ping_status":"open","sticky":false,"template":"","format":"standard","meta":{"footnotes":"","_wp_rev_ctl_limit":""},"categories":[1007,76,988,468,75],"tags":[2073,2070,21,30,303,2074,78,990,155,2072,1526,2071,1486,355,306,239],"class_list":["post-5830","post","type-post","status-publish","format-standard","hentry","category-1-weltkrieg","category-frankreich","category-grand-est","category-vogesen-elsass","category-westfront","tag-2-bayerisches-reserve-jaeger-bataillon","tag-8-bayerische-reserve-radfahrer-kompanie","tag-bayern","tag-denkmal","tag-elsass","tag-ersatz-radfahrer-kompanie","tag-frankreich","tag-grand-est","tag-jaeger","tag-memmelsdorf","tag-menschter","tag-merkendorf","tag-muenster","tag-schwer-verwundet","tag-vogesen","tag-westfront"],"_links":{"self":[{"href":"http:\/\/soldatenschicksale.de\/index.php?rest_route=\/wp\/v2\/posts\/5830","targetHints":{"allow":["GET"]}}],"collection":[{"href":"http:\/\/soldatenschicksale.de\/index.php?rest_route=\/wp\/v2\/posts"}],"about":[{"href":"http:\/\/soldatenschicksale.de\/index.php?rest_route=\/wp\/v2\/types\/post"}],"author":[{"embeddable":true,"href":"http:\/\/soldatenschicksale.de\/index.php?rest_route=\/wp\/v2\/users\/2"}],"replies":[{"embeddable":true,"href":"http:\/\/soldatenschicksale.de\/index.php?rest_route=%2Fwp%2Fv2%2Fcomments&post=5830"}],"version-history":[{"count":3,"href":"http:\/\/soldatenschicksale.de\/index.php?rest_route=\/wp\/v2\/posts\/5830\/revisions"}],"predecessor-version":[{"id":5836,"href":"http:\/\/soldatenschicksale.de\/index.php?rest_route=\/wp\/v2\/posts\/5830\/revisions\/5836"}],"wp:attachment":[{"href":"http:\/\/soldatenschicksale.de\/index.php?rest_route=%2Fwp%2Fv2%2Fmedia&parent=5830"}],"wp:term":[{"taxonomy":"category","embeddable":true,"href":"http:\/\/soldatenschicksale.de\/index.php?rest_route=%2Fwp%2Fv2%2Fcategories&post=5830"},{"taxonomy":"post_tag","embeddable":true,"href":"http:\/\/soldatenschicksale.de\/index.php?rest_route=%2Fwp%2Fv2%2Ftags&post=5830"}],"curies":[{"name":"wp","href":"https:\/\/api.w.org\/{rel}","templated":true}]}}