{"id":5837,"date":"2025-11-01T00:00:39","date_gmt":"2025-10-31T23:00:39","guid":{"rendered":"http:\/\/soldatenschicksale.de\/?p=5837"},"modified":"2025-06-14T18:16:03","modified_gmt":"2025-06-14T16:16:03","slug":"soldatenschicksale-des-1-weltkrieges-teil-435-christian-reisser","status":"publish","type":"post","link":"http:\/\/soldatenschicksale.de\/?p=5837","title":{"rendered":"Soldatenschicksale des 1. Weltkrieges Teil 435: Christian Reisser"},"content":{"rendered":"<p>Der Soldat Christian Reisser stammte aus der Stadt <a href=\"https:\/\/de.wikipedia.org\/wiki\/Ulm\" target=\"_blank\" rel=\"noopener\">Ulm<\/a> im heutigen Bundesland Baden-W\u00fcrttemberg. Im Ersten Weltkrieg k\u00e4mpfte er als Wehrmann in der 5. Kompanie des 123. Infanterie-Regiments. Am 27.09.1914 <span data-sheets-root=\"1\">starb er in einem Lazarett in der der Stadt <a href=\"https:\/\/de.wikipedia.org\/wiki\/Munster_(Haut-Rhin)\" target=\"_blank\" rel=\"noopener\">M\u00fcnster<\/a> (franz\u00f6sisch: Munster, els\u00e4ssisch: Menschter), nachdem er w\u00e4hrend der K\u00e4mpfe in den Vogesen schwer verwundet worden war.<\/span><\/p>\n<p>Man begrub Christian Reisser auf dem Soldatenfriedhof <span data-sheets-root=\"1\"><a class=\"in-cell-link\" href=\"https:\/\/goo.gl\/maps\/P4rSTZbxnXm\" target=\"_blank\" rel=\"noopener\">Munster<\/a><\/span> in <span data-sheets-root=\"1\">Block 2, Grab 1.<\/span><\/p>\n<p>In seiner Heimatstadt Waldenburg gedenkt man Christian Reisser noch heute auf einem Denkmal: <a href=\"http:\/\/www.denkmalprojekt.org\/2012\/waldenburg_hohenlohekreis_bw.html\" target=\"_blank\" rel=\"noopener\">http:\/\/www.denkmalprojekt.org\/2012\/waldenburg_hohenlohekreis_bw.html<\/a><\/p>\n<figure id=\"attachment_3966\" aria-describedby=\"caption-attachment-3966\" style=\"width: 567px\" class=\"wp-caption aligncenter\"><img loading=\"lazy\" decoding=\"async\" class=\"size-full wp-image-3966\" src=\"http:\/\/soldatenschicksale.de\/wp-content\/uploads\/2025\/02\/Christian-Reisser-N.-N.jpg\" alt=\"\" width=\"567\" height=\"800\" srcset=\"http:\/\/soldatenschicksale.de\/wp-content\/uploads\/2025\/02\/Christian-Reisser-N.-N.jpg 567w, http:\/\/soldatenschicksale.de\/wp-content\/uploads\/2025\/02\/Christian-Reisser-N.-N-213x300.jpg 213w\" sizes=\"auto, (max-width: 567px) 85vw, 567px\" \/><figcaption id=\"caption-attachment-3966\" class=\"wp-caption-text\">Das Grab von Christian Reisser und eines unbekannten Soldatenfriedhof auf dem Soldatenfriedhof M\u00fcnster<\/figcaption><\/figure>\n","protected":false},"excerpt":{"rendered":"<p>Der Soldat Christian Reisser stammte aus der Stadt Ulm im heutigen Bundesland Baden-W\u00fcrttemberg. Im Ersten Weltkrieg k\u00e4mpfte er als Wehrmann in der 5. Kompanie des 123. Infanterie-Regiments. Am 27.09.1914 starb er in einem Lazarett in der der Stadt M\u00fcnster (franz\u00f6sisch: Munster, els\u00e4ssisch: Menschter), nachdem er w\u00e4hrend der K\u00e4mpfe in den Vogesen schwer verwundet worden war. &hellip; <a href=\"http:\/\/soldatenschicksale.de\/?p=5837\" class=\"more-link\"><span class=\"screen-reader-text\">\u201eSoldatenschicksale des 1. Weltkrieges Teil 435: Christian Reisser\u201c <\/span>weiterlesen<\/a><\/p>\n","protected":false},"author":2,"featured_media":0,"comment_status":"closed","ping_status":"open","sticky":false,"template":"","format":"standard","meta":{"footnotes":"","_wp_rev_ctl_limit":""},"categories":[1007,76,988,468,75],"tags":[2077,99,303,78,990,2047,1526,1486,2075,355,1751,306,1259,239],"class_list":["post-5837","post","type-post","status-publish","format-standard","hentry","category-1-weltkrieg","category-frankreich","category-grand-est","category-vogesen-elsass","category-westfront","tag-123-landwehr-infanterie-regiment","tag-baden-wuerttemberg","tag-elsass","tag-frankreich","tag-grand-est","tag-lazarett-muenster","tag-menschter","tag-muenster","tag-oehringen","tag-schwer-verwundet","tag-ulm","tag-vogesen","tag-wehrmann","tag-westfront"],"_links":{"self":[{"href":"http:\/\/soldatenschicksale.de\/index.php?rest_route=\/wp\/v2\/posts\/5837","targetHints":{"allow":["GET"]}}],"collection":[{"href":"http:\/\/soldatenschicksale.de\/index.php?rest_route=\/wp\/v2\/posts"}],"about":[{"href":"http:\/\/soldatenschicksale.de\/index.php?rest_route=\/wp\/v2\/types\/post"}],"author":[{"embeddable":true,"href":"http:\/\/soldatenschicksale.de\/index.php?rest_route=\/wp\/v2\/users\/2"}],"replies":[{"embeddable":true,"href":"http:\/\/soldatenschicksale.de\/index.php?rest_route=%2Fwp%2Fv2%2Fcomments&post=5837"}],"version-history":[{"count":3,"href":"http:\/\/soldatenschicksale.de\/index.php?rest_route=\/wp\/v2\/posts\/5837\/revisions"}],"predecessor-version":[{"id":5844,"href":"http:\/\/soldatenschicksale.de\/index.php?rest_route=\/wp\/v2\/posts\/5837\/revisions\/5844"}],"wp:attachment":[{"href":"http:\/\/soldatenschicksale.de\/index.php?rest_route=%2Fwp%2Fv2%2Fmedia&parent=5837"}],"wp:term":[{"taxonomy":"category","embeddable":true,"href":"http:\/\/soldatenschicksale.de\/index.php?rest_route=%2Fwp%2Fv2%2Fcategories&post=5837"},{"taxonomy":"post_tag","embeddable":true,"href":"http:\/\/soldatenschicksale.de\/index.php?rest_route=%2Fwp%2Fv2%2Ftags&post=5837"}],"curies":[{"name":"wp","href":"https:\/\/api.w.org\/{rel}","templated":true}]}}