{"id":5899,"date":"2025-11-10T00:00:59","date_gmt":"2025-11-09T23:00:59","guid":{"rendered":"http:\/\/soldatenschicksale.de\/?p=5899"},"modified":"2025-06-15T18:39:25","modified_gmt":"2025-06-15T16:39:25","slug":"soldatenschicksale-des-1-weltkrieges-teil-444-kajetan-preiss","status":"publish","type":"post","link":"http:\/\/soldatenschicksale.de\/?p=5899","title":{"rendered":"Soldatenschicksale des 1. Weltkrieges Teil 444: Kajetan Preiss"},"content":{"rendered":"<p>Der Soldat Kajetan Preiss (Verlustliste: Prei<span style=\"color: #ff0000;\"><strong>\u00df<\/strong><\/span>) stammte aus <a href=\"https:\/\/de.wikipedia.org\/wiki\/Hacklberg_(Passau)\" target=\"_blank\" rel=\"noopener\">Hacklberg<\/a>, einem Stadtteil der bayerischen Stadt <a href=\"https:\/\/de.wikipedia.org\/wiki\/Passau\" target=\"_blank\" rel=\"noopener\">Passau<\/a>. Er k\u00e4mpfte im Ersten Weltkrieg als Ersatz-Reservist in der 1. Kompanie des 2. bayerischen Landwehr-Infanterie-Regiments. Am 10.05.1915 verstarb er in einem Lazarett in der Stadt <a href=\"https:\/\/de.wikipedia.org\/wiki\/Munster_(Haut-Rhin)\" target=\"_blank\" rel=\"noopener\">M\u00fcnster<\/a> (franz\u00f6sisch: Munster, els\u00e4ssisch: Menschter), nachdem er zuvor w\u00e4hrend der K\u00e4mpfe in den Vogesen schwer verwundet worden war.<\/p>\n<p>Man begrub Kajetan Preiss auf dem Soldatenfriedhof <span data-sheets-root=\"1\"><a class=\"in-cell-link\" href=\"https:\/\/goo.gl\/maps\/P4rSTZbxnXm\" target=\"_blank\" rel=\"noopener\">Munster<\/a><\/span> in <span data-sheets-root=\"1\">Block 2, Grab 11.<\/span><\/p>\n<p>In seinem Heimatort Hacklberg gedenkt man Kajetan Preiss noch heute auf einem Denkmal: <a href=\"http:\/\/www.denkmalprojekt.org\/2025\/hacklberg_stadt-passau_lk-passau_wk1_wk2_by.html\" target=\"_blank\" rel=\"noopener\">http:\/\/www.denkmalprojekt.org\/2025\/hacklberg_stadt-passau_lk-passau_wk1_wk2_by.html<\/a><\/p>\n<figure id=\"attachment_3971\" aria-describedby=\"caption-attachment-3971\" style=\"width: 553px\" class=\"wp-caption aligncenter\"><img loading=\"lazy\" decoding=\"async\" class=\"size-full wp-image-3971\" src=\"http:\/\/soldatenschicksale.de\/wp-content\/uploads\/2025\/02\/Kajetan-Preiss-Josef-Foerster.jpg\" alt=\"\" width=\"553\" height=\"800\" srcset=\"http:\/\/soldatenschicksale.de\/wp-content\/uploads\/2025\/02\/Kajetan-Preiss-Josef-Foerster.jpg 553w, http:\/\/soldatenschicksale.de\/wp-content\/uploads\/2025\/02\/Kajetan-Preiss-Josef-Foerster-207x300.jpg 207w\" sizes=\"auto, (max-width: 553px) 85vw, 553px\" \/><figcaption id=\"caption-attachment-3971\" class=\"wp-caption-text\">Das Grab von Kajetan Preiss und Josef F\u00f6rster auf dem Soldatenfriedhof Munster<\/figcaption><\/figure>\n","protected":false},"excerpt":{"rendered":"<p>Der Soldat Kajetan Preiss (Verlustliste: Prei\u00df) stammte aus Hacklberg, einem Stadtteil der bayerischen Stadt Passau. Er k\u00e4mpfte im Ersten Weltkrieg als Ersatz-Reservist in der 1. Kompanie des 2. bayerischen Landwehr-Infanterie-Regiments. Am 10.05.1915 verstarb er in einem Lazarett in der Stadt M\u00fcnster (franz\u00f6sisch: Munster, els\u00e4ssisch: Menschter), nachdem er zuvor w\u00e4hrend der K\u00e4mpfe in den Vogesen schwer &hellip; <a href=\"http:\/\/soldatenschicksale.de\/?p=5899\" class=\"more-link\"><span class=\"screen-reader-text\">\u201eSoldatenschicksale des 1. Weltkrieges Teil 444: Kajetan Preiss\u201c <\/span>weiterlesen<\/a><\/p>\n","protected":false},"author":2,"featured_media":0,"comment_status":"closed","ping_status":"open","sticky":false,"template":"","format":"standard","meta":{"footnotes":"","_wp_rev_ctl_limit":""},"categories":[1007,76,988,468,75],"tags":[1506,21,30,303,78,990,1923,1526,1486,91,355,1129,306,239],"class_list":["post-5899","post","type-post","status-publish","format-standard","hentry","category-1-weltkrieg","category-frankreich","category-grand-est","category-vogesen-elsass","category-westfront","tag-2-bayerisches-landwehr-infanterie-regiment","tag-bayern","tag-denkmal","tag-elsass","tag-frankreich","tag-grand-est","tag-hacklberg","tag-menschter","tag-muenster","tag-passau","tag-schwer-verwundet","tag-verlustliste","tag-vogesen","tag-westfront"],"_links":{"self":[{"href":"http:\/\/soldatenschicksale.de\/index.php?rest_route=\/wp\/v2\/posts\/5899","targetHints":{"allow":["GET"]}}],"collection":[{"href":"http:\/\/soldatenschicksale.de\/index.php?rest_route=\/wp\/v2\/posts"}],"about":[{"href":"http:\/\/soldatenschicksale.de\/index.php?rest_route=\/wp\/v2\/types\/post"}],"author":[{"embeddable":true,"href":"http:\/\/soldatenschicksale.de\/index.php?rest_route=\/wp\/v2\/users\/2"}],"replies":[{"embeddable":true,"href":"http:\/\/soldatenschicksale.de\/index.php?rest_route=%2Fwp%2Fv2%2Fcomments&post=5899"}],"version-history":[{"count":3,"href":"http:\/\/soldatenschicksale.de\/index.php?rest_route=\/wp\/v2\/posts\/5899\/revisions"}],"predecessor-version":[{"id":5904,"href":"http:\/\/soldatenschicksale.de\/index.php?rest_route=\/wp\/v2\/posts\/5899\/revisions\/5904"}],"wp:attachment":[{"href":"http:\/\/soldatenschicksale.de\/index.php?rest_route=%2Fwp%2Fv2%2Fmedia&parent=5899"}],"wp:term":[{"taxonomy":"category","embeddable":true,"href":"http:\/\/soldatenschicksale.de\/index.php?rest_route=%2Fwp%2Fv2%2Fcategories&post=5899"},{"taxonomy":"post_tag","embeddable":true,"href":"http:\/\/soldatenschicksale.de\/index.php?rest_route=%2Fwp%2Fv2%2Ftags&post=5899"}],"curies":[{"name":"wp","href":"https:\/\/api.w.org\/{rel}","templated":true}]}}