{"id":5911,"date":"2025-11-12T00:00:07","date_gmt":"2025-11-11T23:00:07","guid":{"rendered":"http:\/\/soldatenschicksale.de\/?p=5911"},"modified":"2025-06-16T13:27:48","modified_gmt":"2025-06-16T11:27:48","slug":"soldatenschicksale-des-1-weltkrieges-teil-445-paul-steffen","status":"publish","type":"post","link":"http:\/\/soldatenschicksale.de\/?p=5911","title":{"rendered":"Soldatenschicksale des 1. Weltkrieges Teil 445: Paul Steffen"},"content":{"rendered":"<p>Der Soldat Paul Steffen stammte aus <a href=\"https:\/\/de.wikipedia.org\/wiki\/Solingen\" target=\"_blank\" rel=\"noopener\">Solingen<\/a> im heutigen Bundesland Nordrhein-Westfalen. Im Ersten Weltkrieg k\u00e4mpfte er als Armierungssoldat in der 4. Kompanie des 63. Armierungs-Bataillons. Am 13.05.1915 verstarb er in einem Lazarett in der Stadt M\u00fcnster (franz\u00f6sisch: Munster, els\u00e4ssisch: Menschter) an einer Krankheit.<\/p>\n<p>Man begrub Paul Steffen auf dem Soldatenfriedhof <span data-sheets-root=\"1\"><a class=\"in-cell-link\" href=\"https:\/\/goo.gl\/maps\/P4rSTZbxnXm\" target=\"_blank\" rel=\"noopener\">Munster<\/a><\/span> in <span data-sheets-root=\"1\">Block 2, Grab 13.<\/span><\/p>\n<figure id=\"attachment_3972\" aria-describedby=\"caption-attachment-3972\" style=\"width: 577px\" class=\"wp-caption aligncenter\"><img loading=\"lazy\" decoding=\"async\" class=\"size-full wp-image-3972\" src=\"http:\/\/soldatenschicksale.de\/wp-content\/uploads\/2025\/02\/Paul-Steffen-Otto-Senn.jpg\" alt=\"\" width=\"577\" height=\"800\" srcset=\"http:\/\/soldatenschicksale.de\/wp-content\/uploads\/2025\/02\/Paul-Steffen-Otto-Senn.jpg 577w, http:\/\/soldatenschicksale.de\/wp-content\/uploads\/2025\/02\/Paul-Steffen-Otto-Senn-216x300.jpg 216w\" sizes=\"auto, (max-width: 577px) 85vw, 577px\" \/><figcaption id=\"caption-attachment-3972\" class=\"wp-caption-text\">Das Grab von Paul Steffen und Otto Senn auf dem Soldatenfriedhof M\u00fcnster<\/figcaption><\/figure>\n","protected":false},"excerpt":{"rendered":"<p>Der Soldat Paul Steffen stammte aus Solingen im heutigen Bundesland Nordrhein-Westfalen. Im Ersten Weltkrieg k\u00e4mpfte er als Armierungssoldat in der 4. Kompanie des 63. Armierungs-Bataillons. Am 13.05.1915 verstarb er in einem Lazarett in der Stadt M\u00fcnster (franz\u00f6sisch: Munster, els\u00e4ssisch: Menschter) an einer Krankheit. Man begrub Paul Steffen auf dem Soldatenfriedhof Munster in Block 2, Grab &hellip; <a href=\"http:\/\/soldatenschicksale.de\/?p=5911\" class=\"more-link\"><span class=\"screen-reader-text\">\u201eSoldatenschicksale des 1. Weltkrieges Teil 445: Paul Steffen\u201c <\/span>weiterlesen<\/a><\/p>\n","protected":false},"author":2,"featured_media":0,"comment_status":"closed","ping_status":"open","sticky":false,"template":"","format":"standard","meta":{"footnotes":"","_wp_rev_ctl_limit":""},"categories":[1007,76,988,468,75],"tags":[2090,1535,303,78,990,178,1526,1486,7,2089,306,239],"class_list":["post-5911","post","type-post","status-publish","format-standard","hentry","category-1-weltkrieg","category-frankreich","category-grand-est","category-vogesen-elsass","category-westfront","tag-63-armierungs-bataillon","tag-armierungs-soldat","tag-elsass","tag-frankreich","tag-grand-est","tag-krankheit","tag-menschter","tag-muenster","tag-nordrhein-westfalen","tag-solingen","tag-vogesen","tag-westfront"],"_links":{"self":[{"href":"http:\/\/soldatenschicksale.de\/index.php?rest_route=\/wp\/v2\/posts\/5911","targetHints":{"allow":["GET"]}}],"collection":[{"href":"http:\/\/soldatenschicksale.de\/index.php?rest_route=\/wp\/v2\/posts"}],"about":[{"href":"http:\/\/soldatenschicksale.de\/index.php?rest_route=\/wp\/v2\/types\/post"}],"author":[{"embeddable":true,"href":"http:\/\/soldatenschicksale.de\/index.php?rest_route=\/wp\/v2\/users\/2"}],"replies":[{"embeddable":true,"href":"http:\/\/soldatenschicksale.de\/index.php?rest_route=%2Fwp%2Fv2%2Fcomments&post=5911"}],"version-history":[{"count":3,"href":"http:\/\/soldatenschicksale.de\/index.php?rest_route=\/wp\/v2\/posts\/5911\/revisions"}],"predecessor-version":[{"id":5914,"href":"http:\/\/soldatenschicksale.de\/index.php?rest_route=\/wp\/v2\/posts\/5911\/revisions\/5914"}],"wp:attachment":[{"href":"http:\/\/soldatenschicksale.de\/index.php?rest_route=%2Fwp%2Fv2%2Fmedia&parent=5911"}],"wp:term":[{"taxonomy":"category","embeddable":true,"href":"http:\/\/soldatenschicksale.de\/index.php?rest_route=%2Fwp%2Fv2%2Fcategories&post=5911"},{"taxonomy":"post_tag","embeddable":true,"href":"http:\/\/soldatenschicksale.de\/index.php?rest_route=%2Fwp%2Fv2%2Ftags&post=5911"}],"curies":[{"name":"wp","href":"https:\/\/api.w.org\/{rel}","templated":true}]}}