{"id":5987,"date":"2025-11-24T00:00:04","date_gmt":"2025-11-23T23:00:04","guid":{"rendered":"http:\/\/soldatenschicksale.de\/?p=5987"},"modified":"2025-06-20T17:30:40","modified_gmt":"2025-06-20T15:30:40","slug":"soldatenschicksale-des-1-weltkrieges-teil-457-michael-lehrnbecher","status":"publish","type":"post","link":"http:\/\/soldatenschicksale.de\/?p=5987","title":{"rendered":"Soldatenschicksale des 1. Weltkrieges Teil 457: Michael Lehrnbecher"},"content":{"rendered":"<p>Der Soldat Michael Lehrnbecher stammte aus der bayerischen Stadt <a href=\"https:\/\/de.wikipedia.org\/wiki\/Augsburg\" target=\"_blank\" rel=\"noopener\">Augsburg<\/a>. Im Ersten Weltkrieg k\u00e4mpfte er als Unteroffizier im 2. bayerischen Landwehr-Eskadron (I. Armeekorps). Am 23.02.1915 fiel er w\u00e4hrend der K\u00e4mpfe in den Vogesen nahe der Stadt <a href=\"https:\/\/de.wikipedia.org\/wiki\/Munster_(Haut-Rhin)\" target=\"_blank\" rel=\"noopener\">M\u00fcnster<\/a> (franz\u00f6sisch: Munster, els\u00e4ssisch: Menschter).<\/p>\n<p>Man begrub Michael Lehrnbecher auf dem Soldatenfriedhof <span data-sheets-root=\"1\"><a class=\"in-cell-link\" href=\"https:\/\/goo.gl\/maps\/P4rSTZbxnXm\" target=\"_blank\" rel=\"noopener\">Munster<\/a><\/span> in Block 2, Grab 26.<\/p>\n<figure id=\"attachment_4000\" aria-describedby=\"caption-attachment-4000\" style=\"width: 571px\" class=\"wp-caption aligncenter\"><img loading=\"lazy\" decoding=\"async\" class=\"size-full wp-image-4000\" src=\"http:\/\/soldatenschicksale.de\/wp-content\/uploads\/2025\/02\/Michael-Lehrnbecher-Friedrich-Steinhorn.jpg\" alt=\"\" width=\"571\" height=\"800\" srcset=\"http:\/\/soldatenschicksale.de\/wp-content\/uploads\/2025\/02\/Michael-Lehrnbecher-Friedrich-Steinhorn.jpg 571w, http:\/\/soldatenschicksale.de\/wp-content\/uploads\/2025\/02\/Michael-Lehrnbecher-Friedrich-Steinhorn-214x300.jpg 214w\" sizes=\"auto, (max-width: 571px) 85vw, 571px\" \/><figcaption id=\"caption-attachment-4000\" class=\"wp-caption-text\">Das Grab von Michael Lehrnbecher und Friedrich Steinhorn auf dem Soldatenfriedhof Munster<\/figcaption><\/figure>\n","protected":false},"excerpt":{"rendered":"<p>Der Soldat Michael Lehrnbecher stammte aus der bayerischen Stadt Augsburg. Im Ersten Weltkrieg k\u00e4mpfte er als Unteroffizier im 2. bayerischen Landwehr-Eskadron (I. Armeekorps). Am 23.02.1915 fiel er w\u00e4hrend der K\u00e4mpfe in den Vogesen nahe der Stadt M\u00fcnster (franz\u00f6sisch: Munster, els\u00e4ssisch: Menschter). Man begrub Michael Lehrnbecher auf dem Soldatenfriedhof Munster in Block 2, Grab 26.<\/p>\n","protected":false},"author":2,"featured_media":0,"comment_status":"closed","ping_status":"open","sticky":false,"template":"","format":"standard","meta":{"footnotes":"","_wp_rev_ctl_limit":""},"categories":[1007,76,988,468,75],"tags":[2099,972,21,303,78,990,1999,1526,1486,100,306,239],"class_list":["post-5987","post","type-post","status-publish","format-standard","hentry","category-1-weltkrieg","category-frankreich","category-grand-est","category-vogesen-elsass","category-westfront","tag-2-bayerisches-landwehr-eskadron","tag-augsburg","tag-bayern","tag-elsass","tag-frankreich","tag-grand-est","tag-i-armee-korps","tag-menschter","tag-muenster","tag-unteroffizier","tag-vogesen","tag-westfront"],"_links":{"self":[{"href":"http:\/\/soldatenschicksale.de\/index.php?rest_route=\/wp\/v2\/posts\/5987","targetHints":{"allow":["GET"]}}],"collection":[{"href":"http:\/\/soldatenschicksale.de\/index.php?rest_route=\/wp\/v2\/posts"}],"about":[{"href":"http:\/\/soldatenschicksale.de\/index.php?rest_route=\/wp\/v2\/types\/post"}],"author":[{"embeddable":true,"href":"http:\/\/soldatenschicksale.de\/index.php?rest_route=\/wp\/v2\/users\/2"}],"replies":[{"embeddable":true,"href":"http:\/\/soldatenschicksale.de\/index.php?rest_route=%2Fwp%2Fv2%2Fcomments&post=5987"}],"version-history":[{"count":3,"href":"http:\/\/soldatenschicksale.de\/index.php?rest_route=\/wp\/v2\/posts\/5987\/revisions"}],"predecessor-version":[{"id":5990,"href":"http:\/\/soldatenschicksale.de\/index.php?rest_route=\/wp\/v2\/posts\/5987\/revisions\/5990"}],"wp:attachment":[{"href":"http:\/\/soldatenschicksale.de\/index.php?rest_route=%2Fwp%2Fv2%2Fmedia&parent=5987"}],"wp:term":[{"taxonomy":"category","embeddable":true,"href":"http:\/\/soldatenschicksale.de\/index.php?rest_route=%2Fwp%2Fv2%2Fcategories&post=5987"},{"taxonomy":"post_tag","embeddable":true,"href":"http:\/\/soldatenschicksale.de\/index.php?rest_route=%2Fwp%2Fv2%2Ftags&post=5987"}],"curies":[{"name":"wp","href":"https:\/\/api.w.org\/{rel}","templated":true}]}}