{"id":5998,"date":"2025-11-26T00:00:48","date_gmt":"2025-11-25T23:00:48","guid":{"rendered":"http:\/\/soldatenschicksale.de\/?p=5998"},"modified":"2025-06-21T11:25:05","modified_gmt":"2025-06-21T09:25:05","slug":"soldatenschicksale-des-1-weltkrieges-teil-459-martin-hufnagl","status":"publish","type":"post","link":"http:\/\/soldatenschicksale.de\/?p=5998","title":{"rendered":"Soldatenschicksale des 1. Weltkrieges Teil 459: Martin Hufnagl"},"content":{"rendered":"<p>Der Soldat Martin Hufnagl wurde am 09.11.1896 in der bayerischen Landeshauptstadt <a href=\"https:\/\/de.wikipedia.org\/wiki\/M%C3%BCnchen\" target=\"_blank\" rel=\"noopener\">M\u00fcnchen<\/a> geboren. Im Ersten Weltkrieg k\u00e4mpfte er als Infanterist in der 3. Kompanie des 18. bayerischen Reserve-Infanterie-Regiments. Am 08.05.1915 fiel er w\u00e4hrend der K\u00e4mpfe in den Vogesen nahe der Stadt M\u00fcnster (franz\u00f6sisch: Munster, els\u00e4ssisch: Menschter). Er wurde bei <a href=\"https:\/\/de.wikipedia.org\/wiki\/Metzeral\" target=\"_blank\" rel=\"noopener\">Metzeral<\/a> get\u00f6tet.<\/p>\n<p>Man begrub Martin Hufnagl auf dem Soldatenfriedhof <span data-sheets-root=\"1\"><a class=\"in-cell-link\" href=\"https:\/\/goo.gl\/maps\/P4rSTZbxnXm\" target=\"_blank\" rel=\"noopener\">Munster<\/a><\/span> in <span data-sheets-root=\"1\">Block 2, Grab 20.<\/span><\/p>\n<figure id=\"attachment_4002\" aria-describedby=\"caption-attachment-4002\" style=\"width: 558px\" class=\"wp-caption aligncenter\"><img loading=\"lazy\" decoding=\"async\" class=\"size-full wp-image-4002\" src=\"http:\/\/soldatenschicksale.de\/wp-content\/uploads\/2025\/02\/Martin-Hufnagl-N.-N.jpg\" alt=\"\" width=\"558\" height=\"800\" srcset=\"http:\/\/soldatenschicksale.de\/wp-content\/uploads\/2025\/02\/Martin-Hufnagl-N.-N.jpg 558w, http:\/\/soldatenschicksale.de\/wp-content\/uploads\/2025\/02\/Martin-Hufnagl-N.-N-209x300.jpg 209w\" sizes=\"auto, (max-width: 558px) 85vw, 558px\" \/><figcaption id=\"caption-attachment-4002\" class=\"wp-caption-text\">Das Grab von Martin Hufnagl und eines unbekannten deutschen Soldaten auf dem Soldatenfriedhof Munster<\/figcaption><\/figure>\n","protected":false},"excerpt":{"rendered":"<p>Der Soldat Martin Hufnagl wurde am 09.11.1896 in der bayerischen Landeshauptstadt M\u00fcnchen geboren. Im Ersten Weltkrieg k\u00e4mpfte er als Infanterist in der 3. Kompanie des 18. bayerischen Reserve-Infanterie-Regiments. Am 08.05.1915 fiel er w\u00e4hrend der K\u00e4mpfe in den Vogesen nahe der Stadt M\u00fcnster (franz\u00f6sisch: Munster, els\u00e4ssisch: Menschter). Er wurde bei Metzeral get\u00f6tet. Man begrub Martin Hufnagl &hellip; <a href=\"http:\/\/soldatenschicksale.de\/?p=5998\" class=\"more-link\"><span class=\"screen-reader-text\">\u201eSoldatenschicksale des 1. Weltkrieges Teil 459: Martin Hufnagl\u201c <\/span>weiterlesen<\/a><\/p>\n","protected":false},"author":2,"featured_media":0,"comment_status":"closed","ping_status":"open","sticky":false,"template":"","format":"standard","meta":{"footnotes":"","_wp_rev_ctl_limit":""},"categories":[1007,76,988,468,75],"tags":[2063,21,303,78,990,1006,1526,2064,227,1486,306,239],"class_list":["post-5998","post","type-post","status-publish","format-standard","hentry","category-1-weltkrieg","category-frankreich","category-grand-est","category-vogesen-elsass","category-westfront","tag-18-bayerisches-reserve-infanterie-regiment","tag-bayern","tag-elsass","tag-frankreich","tag-grand-est","tag-landeshauptstadt","tag-menschter","tag-metzeral","tag-muenchen","tag-muenster","tag-vogesen","tag-westfront"],"_links":{"self":[{"href":"http:\/\/soldatenschicksale.de\/index.php?rest_route=\/wp\/v2\/posts\/5998","targetHints":{"allow":["GET"]}}],"collection":[{"href":"http:\/\/soldatenschicksale.de\/index.php?rest_route=\/wp\/v2\/posts"}],"about":[{"href":"http:\/\/soldatenschicksale.de\/index.php?rest_route=\/wp\/v2\/types\/post"}],"author":[{"embeddable":true,"href":"http:\/\/soldatenschicksale.de\/index.php?rest_route=\/wp\/v2\/users\/2"}],"replies":[{"embeddable":true,"href":"http:\/\/soldatenschicksale.de\/index.php?rest_route=%2Fwp%2Fv2%2Fcomments&post=5998"}],"version-history":[{"count":3,"href":"http:\/\/soldatenschicksale.de\/index.php?rest_route=\/wp\/v2\/posts\/5998\/revisions"}],"predecessor-version":[{"id":6003,"href":"http:\/\/soldatenschicksale.de\/index.php?rest_route=\/wp\/v2\/posts\/5998\/revisions\/6003"}],"wp:attachment":[{"href":"http:\/\/soldatenschicksale.de\/index.php?rest_route=%2Fwp%2Fv2%2Fmedia&parent=5998"}],"wp:term":[{"taxonomy":"category","embeddable":true,"href":"http:\/\/soldatenschicksale.de\/index.php?rest_route=%2Fwp%2Fv2%2Fcategories&post=5998"},{"taxonomy":"post_tag","embeddable":true,"href":"http:\/\/soldatenschicksale.de\/index.php?rest_route=%2Fwp%2Fv2%2Ftags&post=5998"}],"curies":[{"name":"wp","href":"https:\/\/api.w.org\/{rel}","templated":true}]}}