{"id":6018,"date":"2025-11-30T00:00:25","date_gmt":"2025-11-29T23:00:25","guid":{"rendered":"http:\/\/soldatenschicksale.de\/?p=6018"},"modified":"2025-06-22T10:46:24","modified_gmt":"2025-06-22T08:46:24","slug":"soldatenschicksale-des-1-weltkrieges-teil-462-ludwig-wankerl","status":"publish","type":"post","link":"http:\/\/soldatenschicksale.de\/?p=6018","title":{"rendered":"Soldatenschicksale des 1. Weltkrieges Teil 462: Ludwig Wankerl"},"content":{"rendered":"<p>Der Soldat Ludwig Wankerl stammte aus <a href=\"https:\/\/de.wikipedia.org\/wiki\/Biburg_(Niederbayern)\" target=\"_blank\" rel=\"noopener\">Biburg<\/a>, Niederbayern. Im Ersten Weltkrieg k\u00e4mpfte er als Infanterist in der 10. Kompanie des 23. bayerischen Reserve-Infanterie-Regiments. Am 07.05.1915 fiel er w\u00e4hrend der K\u00e4mpfe in den Vogesen nahe der Stadt <a href=\"https:\/\/de.wikipedia.org\/wiki\/Munster_(Haut-Rhin)\" target=\"_blank\" rel=\"noopener\">M\u00fcnster<\/a> (franz\u00f6sisch: Munster, els\u00e4ssisch: Menschter). Ludwig Wankelr wurde 20 Jahre alt.<\/p>\n<p>Man begrub Ludwig Wankelr auf dem Soldatenfriedhof <span data-sheets-root=\"1\"><a class=\"in-cell-link\" href=\"https:\/\/goo.gl\/maps\/P4rSTZbxnXm\" target=\"_blank\" rel=\"noopener\">Munster<\/a><\/span> in<\/p>\n<p>In seiner Heimatgemeinde Biburg gedenkt man Ludwig Wankerl noch heute auf zwei Denkm\u00e4lern: <a href=\"http:\/\/www.denkmalprojekt.org\/2022\/biburg_lk-kelheim_wk1_wk2_by.html\" target=\"_blank\" rel=\"noopener\">http:\/\/www.denkmalprojekt.org\/2022\/biburg_lk-kelheim_wk1_wk2_by.html<\/a> und <a href=\"http:\/\/www.denkmalprojekt.org\/2022\/biburg-kirche_lk-kelheim_wk1_by.html\" target=\"_blank\" rel=\"noopener\">http:\/\/www.denkmalprojekt.org\/2022\/biburg-kirche_lk-kelheim_wk1_by.html<\/a><\/p>\n<figure id=\"attachment_4005\" aria-describedby=\"caption-attachment-4005\" style=\"width: 568px\" class=\"wp-caption aligncenter\"><img loading=\"lazy\" decoding=\"async\" class=\"size-full wp-image-4005\" src=\"http:\/\/soldatenschicksale.de\/wp-content\/uploads\/2025\/02\/Ludwig-Wankerl-Frank-Franz.jpg\" alt=\"\" width=\"568\" height=\"800\" srcset=\"http:\/\/soldatenschicksale.de\/wp-content\/uploads\/2025\/02\/Ludwig-Wankerl-Frank-Franz.jpg 568w, http:\/\/soldatenschicksale.de\/wp-content\/uploads\/2025\/02\/Ludwig-Wankerl-Frank-Franz-213x300.jpg 213w\" sizes=\"auto, (max-width: 568px) 85vw, 568px\" \/><figcaption id=\"caption-attachment-4005\" class=\"wp-caption-text\">Das Grab von Ludwig Wankerl und Frank Franz auf dem Soldatenfriedhof M\u00fcnster \/ Munster<\/figcaption><\/figure>\n","protected":false},"excerpt":{"rendered":"<p>Der Soldat Ludwig Wankerl stammte aus Biburg, Niederbayern. Im Ersten Weltkrieg k\u00e4mpfte er als Infanterist in der 10. Kompanie des 23. bayerischen Reserve-Infanterie-Regiments. Am 07.05.1915 fiel er w\u00e4hrend der K\u00e4mpfe in den Vogesen nahe der Stadt M\u00fcnster (franz\u00f6sisch: Munster, els\u00e4ssisch: Menschter). Ludwig Wankelr wurde 20 Jahre alt. Man begrub Ludwig Wankelr auf dem Soldatenfriedhof Munster &hellip; <a href=\"http:\/\/soldatenschicksale.de\/?p=6018\" class=\"more-link\"><span class=\"screen-reader-text\">\u201eSoldatenschicksale des 1. Weltkrieges Teil 462: Ludwig Wankerl\u201c <\/span>weiterlesen<\/a><\/p>\n","protected":false},"author":2,"featured_media":0,"comment_status":"closed","ping_status":"open","sticky":false,"template":"","format":"standard","meta":{"footnotes":"","_wp_rev_ctl_limit":""},"categories":[1007,76,988,468,75],"tags":[2117,21,2116,30,303,78,990,1056,1526,1486,306,239],"class_list":["post-6018","post","type-post","status-publish","format-standard","hentry","category-1-weltkrieg","category-frankreich","category-grand-est","category-vogesen-elsass","category-westfront","tag-23-bayerisches-reserve-infanterie-regiment","tag-bayern","tag-biburg","tag-denkmal","tag-elsass","tag-frankreich","tag-grand-est","tag-infanterist","tag-menschter","tag-muenster","tag-vogesen","tag-westfront"],"_links":{"self":[{"href":"http:\/\/soldatenschicksale.de\/index.php?rest_route=\/wp\/v2\/posts\/6018","targetHints":{"allow":["GET"]}}],"collection":[{"href":"http:\/\/soldatenschicksale.de\/index.php?rest_route=\/wp\/v2\/posts"}],"about":[{"href":"http:\/\/soldatenschicksale.de\/index.php?rest_route=\/wp\/v2\/types\/post"}],"author":[{"embeddable":true,"href":"http:\/\/soldatenschicksale.de\/index.php?rest_route=\/wp\/v2\/users\/2"}],"replies":[{"embeddable":true,"href":"http:\/\/soldatenschicksale.de\/index.php?rest_route=%2Fwp%2Fv2%2Fcomments&post=6018"}],"version-history":[{"count":3,"href":"http:\/\/soldatenschicksale.de\/index.php?rest_route=\/wp\/v2\/posts\/6018\/revisions"}],"predecessor-version":[{"id":6021,"href":"http:\/\/soldatenschicksale.de\/index.php?rest_route=\/wp\/v2\/posts\/6018\/revisions\/6021"}],"wp:attachment":[{"href":"http:\/\/soldatenschicksale.de\/index.php?rest_route=%2Fwp%2Fv2%2Fmedia&parent=6018"}],"wp:term":[{"taxonomy":"category","embeddable":true,"href":"http:\/\/soldatenschicksale.de\/index.php?rest_route=%2Fwp%2Fv2%2Fcategories&post=6018"},{"taxonomy":"post_tag","embeddable":true,"href":"http:\/\/soldatenschicksale.de\/index.php?rest_route=%2Fwp%2Fv2%2Ftags&post=6018"}],"curies":[{"name":"wp","href":"https:\/\/api.w.org\/{rel}","templated":true}]}}