{"id":6024,"date":"2025-12-01T00:00:31","date_gmt":"2025-11-30T23:00:31","guid":{"rendered":"http:\/\/soldatenschicksale.de\/?p=6024"},"modified":"2025-06-22T14:46:02","modified_gmt":"2025-06-22T12:46:02","slug":"soldatenschicksale-des-1-weltkrieges-teil-463-franz-frank","status":"publish","type":"post","link":"http:\/\/soldatenschicksale.de\/?p=6024","title":{"rendered":"Soldatenschicksale des 1. Weltkrieges Teil 463: Franz Frank"},"content":{"rendered":"<p>Der Soldat Franz Frank wurde am 09.01.1892 in der bayerischen Landeshauptstadt <a href=\"https:\/\/de.wikipedia.org\/wiki\/M%C3%BCnchen\" target=\"_blank\" rel=\"noopener\">M\u00fcnchen<\/a> geboren. Im Ersten Weltkrieg k\u00e4mpfte er als Infanterist in der 7. Kompanie des 18. bayerischen Reserve-Infanterie-Regiments. Am 07.05.1915 fiel er w\u00e4hrend der K\u00e4mpfe nahe der Stadt <a href=\"https:\/\/de.wikipedia.org\/wiki\/Munster_(Haut-Rhin)\" target=\"_blank\" rel=\"noopener\">M\u00fcnster<\/a> (franz\u00f6sisch: Munster, els\u00e4ssisch: Menschter). Er wurde im Alter von 23 Jahren bei <a href=\"https:\/\/de.wikipedia.org\/wiki\/Metzeral\" target=\"_blank\" rel=\"noopener\">Metzeral<\/a> get\u00f6tet.<\/p>\n<p>\u00dcber den Todeszeitraum und die Todesumst\u00e4nde von Franz Frank berichtet die Regimentsgeschichte des 18. bayerischen Reserve-Infanterie-Regiments:<\/p>\n<blockquote><p><em>&#8222;In den n\u00e4chsten Tagen liegt Infanterie- und Artilleriefeuer vom Altmatt- und Sillackerkopf auf den Gr\u00e4ben am Braunkopf und zerst\u00f6rt sie gr\u00f6\u00dftenteils. Nach Trommelfeuer gibt der Feind nicht auf gegen H\u00f6he 830 anzurennen, aber ebenso wie die vorhergehenden Angriffe an der Tapferkeit der Verteidiger scheitern, kommt er auch bei wiederholten Versuchen nicht vorw\u00e4rts. Bei der Abwehr des franz\u00f6sischen Sturmes auf die Stellung hat sich auch besonders die II. Abteilung Reserve-Feldartillerie-Regiment 8 unter Hauptmann Holl\u00e4nder ausgezeichnet. Nach dem Misslingen des Angriffs lie\u00df der Franzose eben seine Wut in Artillerie\u00fcberf\u00e4llen aus und belegte besonders Metzeral, das an mehreren Stellen brannte. Hierauf verhielt er sich wieder einige Tage ruhiger. Durch Einzelsch\u00fctzen suchte er unsere Arbeit zu st\u00f6ren, will im Pfeiffertal arbeiten, wird aber bei Tag durch unsere Scharfsch\u00fctzen, bei Nacht durch unsere Patrouillen und eingerichteten Gewehren daran gehindert.<\/em><\/p>\n<p><em>.&#8220;<\/em><\/p><\/blockquote>\n<p>Man begrub Franz Frank fir dem Soldatenfriedhof <span data-sheets-root=\"1\"><a class=\"in-cell-link\" href=\"https:\/\/goo.gl\/maps\/P4rSTZbxnXm\" target=\"_blank\" rel=\"noopener\">Munster<\/a><\/span> in Block 2, Grab 17.<\/p>\n<figure id=\"attachment_4005\" aria-describedby=\"caption-attachment-4005\" style=\"width: 568px\" class=\"wp-caption aligncenter\"><img loading=\"lazy\" decoding=\"async\" class=\"size-full wp-image-4005\" src=\"http:\/\/soldatenschicksale.de\/wp-content\/uploads\/2025\/02\/Ludwig-Wankerl-Frank-Franz.jpg\" alt=\"\" width=\"568\" height=\"800\" srcset=\"http:\/\/soldatenschicksale.de\/wp-content\/uploads\/2025\/02\/Ludwig-Wankerl-Frank-Franz.jpg 568w, http:\/\/soldatenschicksale.de\/wp-content\/uploads\/2025\/02\/Ludwig-Wankerl-Frank-Franz-213x300.jpg 213w\" sizes=\"auto, (max-width: 568px) 85vw, 568px\" \/><figcaption id=\"caption-attachment-4005\" class=\"wp-caption-text\">Das Grab von Ludwig Wankerl und Frank Franz auf dem Soldatenfriedhof M\u00fcnster \/ Munster<\/figcaption><\/figure>\n","protected":false},"excerpt":{"rendered":"<p>Der Soldat Franz Frank wurde am 09.01.1892 in der bayerischen Landeshauptstadt M\u00fcnchen geboren. Im Ersten Weltkrieg k\u00e4mpfte er als Infanterist in der 7. Kompanie des 18. bayerischen Reserve-Infanterie-Regiments. Am 07.05.1915 fiel er w\u00e4hrend der K\u00e4mpfe nahe der Stadt M\u00fcnster (franz\u00f6sisch: Munster, els\u00e4ssisch: Menschter). Er wurde im Alter von 23 Jahren bei Metzeral get\u00f6tet. \u00dcber den &hellip; <a href=\"http:\/\/soldatenschicksale.de\/?p=6024\" class=\"more-link\"><span class=\"screen-reader-text\">\u201eSoldatenschicksale des 1. Weltkrieges Teil 463: Franz Frank\u201c <\/span>weiterlesen<\/a><\/p>\n","protected":false},"author":2,"featured_media":0,"comment_status":"closed","ping_status":"open","sticky":false,"template":"","format":"standard","meta":{"footnotes":"","_wp_rev_ctl_limit":""},"categories":[1007,76,988,468,75],"tags":[2063,303,78,990,1006,1526,2064,227,1486,994,306,239],"class_list":["post-6024","post","type-post","status-publish","format-standard","hentry","category-1-weltkrieg","category-frankreich","category-grand-est","category-vogesen-elsass","category-westfront","tag-18-bayerisches-reserve-infanterie-regiment","tag-elsass","tag-frankreich","tag-grand-est","tag-landeshauptstadt","tag-menschter","tag-metzeral","tag-muenchen","tag-muenster","tag-regimentsgeschichte","tag-vogesen","tag-westfront"],"_links":{"self":[{"href":"http:\/\/soldatenschicksale.de\/index.php?rest_route=\/wp\/v2\/posts\/6024","targetHints":{"allow":["GET"]}}],"collection":[{"href":"http:\/\/soldatenschicksale.de\/index.php?rest_route=\/wp\/v2\/posts"}],"about":[{"href":"http:\/\/soldatenschicksale.de\/index.php?rest_route=\/wp\/v2\/types\/post"}],"author":[{"embeddable":true,"href":"http:\/\/soldatenschicksale.de\/index.php?rest_route=\/wp\/v2\/users\/2"}],"replies":[{"embeddable":true,"href":"http:\/\/soldatenschicksale.de\/index.php?rest_route=%2Fwp%2Fv2%2Fcomments&post=6024"}],"version-history":[{"count":3,"href":"http:\/\/soldatenschicksale.de\/index.php?rest_route=\/wp\/v2\/posts\/6024\/revisions"}],"predecessor-version":[{"id":6031,"href":"http:\/\/soldatenschicksale.de\/index.php?rest_route=\/wp\/v2\/posts\/6024\/revisions\/6031"}],"wp:attachment":[{"href":"http:\/\/soldatenschicksale.de\/index.php?rest_route=%2Fwp%2Fv2%2Fmedia&parent=6024"}],"wp:term":[{"taxonomy":"category","embeddable":true,"href":"http:\/\/soldatenschicksale.de\/index.php?rest_route=%2Fwp%2Fv2%2Fcategories&post=6024"},{"taxonomy":"post_tag","embeddable":true,"href":"http:\/\/soldatenschicksale.de\/index.php?rest_route=%2Fwp%2Fv2%2Ftags&post=6024"}],"curies":[{"name":"wp","href":"https:\/\/api.w.org\/{rel}","templated":true}]}}