{"id":6032,"date":"2025-12-02T00:00:07","date_gmt":"2025-12-01T23:00:07","guid":{"rendered":"http:\/\/soldatenschicksale.de\/?p=6032"},"modified":"2025-06-22T17:53:19","modified_gmt":"2025-06-22T15:53:19","slug":"soldatenschicksale-des-1-weltkrieges-teil-464-johann-schnierle","status":"publish","type":"post","link":"http:\/\/soldatenschicksale.de\/?p=6032","title":{"rendered":"Soldatenschicksale des 1. Weltkrieges Teil 464: Johann Schnierle"},"content":{"rendered":"<p>Der Soldat Johann Schnierle wurde am 05.02.1894 in <a href=\"https:\/\/maps.app.goo.gl\/LNskEy1NpJxndB387\" target=\"_blank\" rel=\"noopener\">Heidmersbrunn<\/a> geboren, einem Ortsteil der bayerischen Gemeinde <a href=\"https:\/\/de.wikipedia.org\/wiki\/F%C3%BCnfstetten\" target=\"_blank\" rel=\"noopener\">F\u00fcnfstetten<\/a>. Im Ersten Weltkrieg k\u00e4mpfte er als Gefreiter in der 7. Kompanie des 18. bayerischen Reserve-Infanterie-Regiments. Am 06.05.1915 verstarb er in einem Lazarett in M\u00fcnster (franz\u00f6sisch: Munster, els\u00e4ssisch: Menschter), nachdem er zuvor w\u00e4hrend der K\u00e4mpfe in den Vogesen am Tag zuvor bei <a href=\"https:\/\/de.wikipedia.org\/wiki\/Metzeral\" target=\"_blank\" rel=\"noopener\">Metzeral<\/a> schwer verwundet worden war.<\/p>\n<p>Man begrub Johann Schnierle auf dem Soldatenfriedhof <span data-sheets-root=\"1\"><a class=\"in-cell-link\" href=\"https:\/\/goo.gl\/maps\/P4rSTZbxnXm\" target=\"_blank\" rel=\"noopener\">Munster<\/a><\/span> in Block 2, Grab 18.<\/p>\n<figure id=\"attachment_4004\" aria-describedby=\"caption-attachment-4004\" style=\"width: 547px\" class=\"wp-caption aligncenter\"><img loading=\"lazy\" decoding=\"async\" class=\"size-full wp-image-4004\" src=\"http:\/\/soldatenschicksale.de\/wp-content\/uploads\/2025\/02\/Johann-Schnierle-Josef-Ramsauer.jpg\" alt=\"\" width=\"547\" height=\"800\" srcset=\"http:\/\/soldatenschicksale.de\/wp-content\/uploads\/2025\/02\/Johann-Schnierle-Josef-Ramsauer.jpg 547w, http:\/\/soldatenschicksale.de\/wp-content\/uploads\/2025\/02\/Johann-Schnierle-Josef-Ramsauer-205x300.jpg 205w\" sizes=\"auto, (max-width: 547px) 85vw, 547px\" \/><figcaption id=\"caption-attachment-4004\" class=\"wp-caption-text\">Das Grab von Johann Schnierle und Josef Ramsauer auf dem Soldatenfriedhof M\u00fcnster<\/figcaption><\/figure>\n","protected":false},"excerpt":{"rendered":"<p>Der Soldat Johann Schnierle wurde am 05.02.1894 in Heidmersbrunn geboren, einem Ortsteil der bayerischen Gemeinde F\u00fcnfstetten. Im Ersten Weltkrieg k\u00e4mpfte er als Gefreiter in der 7. Kompanie des 18. bayerischen Reserve-Infanterie-Regiments. Am 06.05.1915 verstarb er in einem Lazarett in M\u00fcnster (franz\u00f6sisch: Munster, els\u00e4ssisch: Menschter), nachdem er zuvor w\u00e4hrend der K\u00e4mpfe in den Vogesen am Tag &hellip; <a href=\"http:\/\/soldatenschicksale.de\/?p=6032\" class=\"more-link\"><span class=\"screen-reader-text\">\u201eSoldatenschicksale des 1. Weltkrieges Teil 464: Johann Schnierle\u201c <\/span>weiterlesen<\/a><\/p>\n","protected":false},"author":2,"featured_media":0,"comment_status":"closed","ping_status":"open","sticky":false,"template":"","format":"standard","meta":{"footnotes":"","_wp_rev_ctl_limit":""},"categories":[1007,76,988,468,75],"tags":[2063,21,303,78,2118,11,990,2119,1526,2064,1486,355,306,239],"class_list":["post-6032","post","type-post","status-publish","format-standard","hentry","category-1-weltkrieg","category-frankreich","category-grand-est","category-vogesen-elsass","category-westfront","tag-18-bayerisches-reserve-infanterie-regiment","tag-bayern","tag-elsass","tag-frankreich","tag-fuenfstetten","tag-gefreiter","tag-grand-est","tag-heidmersbrunn","tag-menschter","tag-metzeral","tag-muenster","tag-schwer-verwundet","tag-vogesen","tag-westfront"],"_links":{"self":[{"href":"http:\/\/soldatenschicksale.de\/index.php?rest_route=\/wp\/v2\/posts\/6032","targetHints":{"allow":["GET"]}}],"collection":[{"href":"http:\/\/soldatenschicksale.de\/index.php?rest_route=\/wp\/v2\/posts"}],"about":[{"href":"http:\/\/soldatenschicksale.de\/index.php?rest_route=\/wp\/v2\/types\/post"}],"author":[{"embeddable":true,"href":"http:\/\/soldatenschicksale.de\/index.php?rest_route=\/wp\/v2\/users\/2"}],"replies":[{"embeddable":true,"href":"http:\/\/soldatenschicksale.de\/index.php?rest_route=%2Fwp%2Fv2%2Fcomments&post=6032"}],"version-history":[{"count":3,"href":"http:\/\/soldatenschicksale.de\/index.php?rest_route=\/wp\/v2\/posts\/6032\/revisions"}],"predecessor-version":[{"id":6038,"href":"http:\/\/soldatenschicksale.de\/index.php?rest_route=\/wp\/v2\/posts\/6032\/revisions\/6038"}],"wp:attachment":[{"href":"http:\/\/soldatenschicksale.de\/index.php?rest_route=%2Fwp%2Fv2%2Fmedia&parent=6032"}],"wp:term":[{"taxonomy":"category","embeddable":true,"href":"http:\/\/soldatenschicksale.de\/index.php?rest_route=%2Fwp%2Fv2%2Fcategories&post=6032"},{"taxonomy":"post_tag","embeddable":true,"href":"http:\/\/soldatenschicksale.de\/index.php?rest_route=%2Fwp%2Fv2%2Ftags&post=6032"}],"curies":[{"name":"wp","href":"https:\/\/api.w.org\/{rel}","templated":true}]}}