{"id":6052,"date":"2025-12-05T00:00:12","date_gmt":"2025-12-04T23:00:12","guid":{"rendered":"http:\/\/soldatenschicksale.de\/?p=6052"},"modified":"2025-06-24T06:30:37","modified_gmt":"2025-06-24T04:30:37","slug":"soldatenschicksale-des-1-weltkrieges-teil-466","status":"publish","type":"post","link":"http:\/\/soldatenschicksale.de\/?p=6052","title":{"rendered":"Soldatenschicksale des 1. Weltkrieges Teil 467: Josef Wille"},"content":{"rendered":"<p>Der Soldat Josef Wille wurde am 25.04.1877 in <a href=\"https:\/\/maps.app.goo.gl\/Zqt9WLG1yGXdiyTk8\" target=\"_blank\" rel=\"noopener\">Forstweiler<\/a>, einem Teil der Gemeinde <a href=\"https:\/\/de.wikipedia.org\/wiki\/Tannhausen\" target=\"_blank\" rel=\"noopener\">Tannhausen<\/a> in Baden-W\u00fcrttemberg geboren. Von Beruf war er Forstwirt in der Landeshauptstadt <a href=\"https:\/\/de.wikipedia.org\/wiki\/Stuttgart\" target=\"_blank\" rel=\"noopener\">Stuttgart<\/a>. Im Ersten Weltkrieg k\u00e4mpfte er als Wehrmann in der 8. Kompanie des 121. Landwehr-Infanterie-Regiments. Am 04.09.1914 fiel er w\u00e4hrend der K\u00e4mpfe in den Vogesen nahe der Stadt <a href=\"https:\/\/de.wikipedia.org\/wiki\/Munster_(Haut-Rhin)\" target=\"_blank\" rel=\"noopener\">M\u00fcnster<\/a> (franz\u00f6sisch: Munster, els\u00e4ssisch: Menschter). Er wurde durch einen Kopf- und Brustschuss mittels Artilleriegeschoss get\u00f6tet. Er wurde 37 Jahre alt.<\/p>\n<p>Man begrub Josef Wille auf dem Soldatenfriedhof <span data-sheets-root=\"1\"><a class=\"in-cell-link\" href=\"https:\/\/goo.gl\/maps\/P4rSTZbxnXm\" target=\"_blank\" rel=\"noopener\">Munster<\/a><\/span> in <span data-sheets-root=\"1\">Block 1, Grab 38.<\/span><\/p>\n<p>In seiner Heimatgemeinde Tannhausen gedenkt man Josef Wille noch heute auf einem Denkmal: <a href=\"http:\/\/www.denkmalprojekt.org\/2024\/tannhausen_ostalbkreis_wk1_wk2_bw.html\" target=\"_blank\" rel=\"noopener\">http:\/\/www.denkmalprojekt.org\/2024\/tannhausen_ostalbkreis_wk1_wk2_bw.html<\/a><\/p>\n<figure id=\"attachment_4013\" aria-describedby=\"caption-attachment-4013\" style=\"width: 553px\" class=\"wp-caption aligncenter\"><img loading=\"lazy\" decoding=\"async\" class=\"size-full wp-image-4013\" src=\"http:\/\/soldatenschicksale.de\/wp-content\/uploads\/2025\/02\/Johannes-Werner-Josef-Wille.jpg\" alt=\"\" width=\"553\" height=\"800\" srcset=\"http:\/\/soldatenschicksale.de\/wp-content\/uploads\/2025\/02\/Johannes-Werner-Josef-Wille.jpg 553w, http:\/\/soldatenschicksale.de\/wp-content\/uploads\/2025\/02\/Johannes-Werner-Josef-Wille-207x300.jpg 207w\" sizes=\"auto, (max-width: 553px) 85vw, 553px\" \/><figcaption id=\"caption-attachment-4013\" class=\"wp-caption-text\">Das Grab von Johannes Werner und Josef Wille auf dem Soldatenfriedhof M\u00fcnster<\/figcaption><\/figure>\n","protected":false},"excerpt":{"rendered":"<p>Der Soldat Josef Wille wurde am 25.04.1877 in Forstweiler, einem Teil der Gemeinde Tannhausen in Baden-W\u00fcrttemberg geboren. Von Beruf war er Forstwirt in der Landeshauptstadt Stuttgart. Im Ersten Weltkrieg k\u00e4mpfte er als Wehrmann in der 8. Kompanie des 121. Landwehr-Infanterie-Regiments. Am 04.09.1914 fiel er w\u00e4hrend der K\u00e4mpfe in den Vogesen nahe der Stadt M\u00fcnster (franz\u00f6sisch: &hellip; <a href=\"http:\/\/soldatenschicksale.de\/?p=6052\" class=\"more-link\"><span class=\"screen-reader-text\">\u201eSoldatenschicksale des 1. Weltkrieges Teil 467: Josef Wille\u201c <\/span>weiterlesen<\/a><\/p>\n","protected":false},"author":2,"featured_media":0,"comment_status":"closed","ping_status":"open","sticky":false,"template":"","format":"standard","meta":{"footnotes":"","_wp_rev_ctl_limit":""},"categories":[1007],"tags":[1654,2126,99,2125,303,2124,2127,78,990,214,1006,1529,1526,1486,1655,2123,306,1259,2122],"class_list":["post-6052","post","type-post","status-publish","format-standard","hentry","category-1-weltkrieg","tag-121-landwehr-infanterie-regiment","tag-artilleriegeschoss","tag-baden-wuerttemberg","tag-brustschuss","tag-elsass","tag-forstweiler","tag-forstwirt","tag-frankreich","tag-grand-est","tag-kopfschuss","tag-landeshauptstadt","tag-landwehrmann","tag-menschter","tag-muenster","tag-stuttgart","tag-tannhausen","tag-vogesen","tag-wehrmann","tag-weszfront"],"_links":{"self":[{"href":"http:\/\/soldatenschicksale.de\/index.php?rest_route=\/wp\/v2\/posts\/6052","targetHints":{"allow":["GET"]}}],"collection":[{"href":"http:\/\/soldatenschicksale.de\/index.php?rest_route=\/wp\/v2\/posts"}],"about":[{"href":"http:\/\/soldatenschicksale.de\/index.php?rest_route=\/wp\/v2\/types\/post"}],"author":[{"embeddable":true,"href":"http:\/\/soldatenschicksale.de\/index.php?rest_route=\/wp\/v2\/users\/2"}],"replies":[{"embeddable":true,"href":"http:\/\/soldatenschicksale.de\/index.php?rest_route=%2Fwp%2Fv2%2Fcomments&post=6052"}],"version-history":[{"count":4,"href":"http:\/\/soldatenschicksale.de\/index.php?rest_route=\/wp\/v2\/posts\/6052\/revisions"}],"predecessor-version":[{"id":6059,"href":"http:\/\/soldatenschicksale.de\/index.php?rest_route=\/wp\/v2\/posts\/6052\/revisions\/6059"}],"wp:attachment":[{"href":"http:\/\/soldatenschicksale.de\/index.php?rest_route=%2Fwp%2Fv2%2Fmedia&parent=6052"}],"wp:term":[{"taxonomy":"category","embeddable":true,"href":"http:\/\/soldatenschicksale.de\/index.php?rest_route=%2Fwp%2Fv2%2Fcategories&post=6052"},{"taxonomy":"post_tag","embeddable":true,"href":"http:\/\/soldatenschicksale.de\/index.php?rest_route=%2Fwp%2Fv2%2Ftags&post=6052"}],"curies":[{"name":"wp","href":"https:\/\/api.w.org\/{rel}","templated":true}]}}