{"id":6060,"date":"2025-12-08T00:00:23","date_gmt":"2025-12-07T23:00:23","guid":{"rendered":"http:\/\/soldatenschicksale.de\/?p=6060"},"modified":"2025-06-26T10:08:26","modified_gmt":"2025-06-26T08:08:26","slug":"soldatenschicksale-des-1-weltkrieges-teil-468-johann-drechsler","status":"publish","type":"post","link":"http:\/\/soldatenschicksale.de\/?p=6060","title":{"rendered":"Soldatenschicksale des 1. Weltkrieges Teil 470: Johann Drechsler"},"content":{"rendered":"<p>Der Soldat Johann Drechsler stammte aus der bayerischen Gemeinde <a href=\"https:\/\/de.wikipedia.org\/wiki\/Innernzell\" target=\"_blank\" rel=\"noopener\">Innerzell<\/a>. Im Ersten Weltkrieg k\u00e4mpfte er als Kanonier in der 4. Batterie des 9. bayerischen Reserve-Feldartillerie-Regiments. Am 04.03.1915 fiel er w\u00e4hrend der Vogesenk\u00e4mpfe nahe der Stadt <a href=\"https:\/\/de.wikipedia.org\/wiki\/Munster_(Haut-Rhin)\" target=\"_blank\" rel=\"noopener\">M\u00fcnster<\/a> (franz\u00f6sisch: Munster, els\u00e4ssisch: Menschter).<\/p>\n<p>Man begrub Johann Drechsler auf dem Soldatenfriedhof <span data-sheets-root=\"1\"><a class=\"in-cell-link\" href=\"https:\/\/goo.gl\/maps\/P4rSTZbxnXm\" target=\"_blank\" rel=\"noopener\">Munster<\/a><\/span> in <span data-sheets-root=\"1\">Block 1, Grab 33.<\/span><\/p>\n<figure id=\"attachment_4014\" aria-describedby=\"caption-attachment-4014\" style=\"width: 525px\" class=\"wp-caption aligncenter\"><img loading=\"lazy\" decoding=\"async\" class=\"size-full wp-image-4014\" src=\"http:\/\/soldatenschicksale.de\/wp-content\/uploads\/2025\/02\/Johann-Drechsler-Johann-Weller.jpg\" alt=\"\" width=\"525\" height=\"800\" srcset=\"http:\/\/soldatenschicksale.de\/wp-content\/uploads\/2025\/02\/Johann-Drechsler-Johann-Weller.jpg 525w, http:\/\/soldatenschicksale.de\/wp-content\/uploads\/2025\/02\/Johann-Drechsler-Johann-Weller-197x300.jpg 197w\" sizes=\"auto, (max-width: 525px) 85vw, 525px\" \/><figcaption id=\"caption-attachment-4014\" class=\"wp-caption-text\">Das Grab von Johann Drechsler und Johann Weller auf dem Soldatenfriedhof M\u00fcnster<\/figcaption><\/figure>\n","protected":false},"excerpt":{"rendered":"<p>Der Soldat Johann Drechsler stammte aus der bayerischen Gemeinde Innerzell. Im Ersten Weltkrieg k\u00e4mpfte er als Kanonier in der 4. Batterie des 9. bayerischen Reserve-Feldartillerie-Regiments. Am 04.03.1915 fiel er w\u00e4hrend der Vogesenk\u00e4mpfe nahe der Stadt M\u00fcnster (franz\u00f6sisch: Munster, els\u00e4ssisch: Menschter). Man begrub Johann Drechsler auf dem Soldatenfriedhof Munster in Block 1, Grab 33.<\/p>\n","protected":false},"author":2,"featured_media":0,"comment_status":"closed","ping_status":"open","sticky":false,"template":"","format":"standard","meta":{"footnotes":"","_wp_rev_ctl_limit":""},"categories":[1007,76,988,468,75],"tags":[2053,21,303,78,990,2129,747,1526,1486,306,239],"class_list":["post-6060","post","type-post","status-publish","format-standard","hentry","category-1-weltkrieg","category-frankreich","category-grand-est","category-vogesen-elsass","category-westfront","tag-9-bayerisches-reserve-feldartillerie-regiment","tag-bayern","tag-elsass","tag-frankreich","tag-grand-est","tag-innerzell","tag-kanonier","tag-menschter","tag-muenster","tag-vogesen","tag-westfront"],"_links":{"self":[{"href":"http:\/\/soldatenschicksale.de\/index.php?rest_route=\/wp\/v2\/posts\/6060","targetHints":{"allow":["GET"]}}],"collection":[{"href":"http:\/\/soldatenschicksale.de\/index.php?rest_route=\/wp\/v2\/posts"}],"about":[{"href":"http:\/\/soldatenschicksale.de\/index.php?rest_route=\/wp\/v2\/types\/post"}],"author":[{"embeddable":true,"href":"http:\/\/soldatenschicksale.de\/index.php?rest_route=\/wp\/v2\/users\/2"}],"replies":[{"embeddable":true,"href":"http:\/\/soldatenschicksale.de\/index.php?rest_route=%2Fwp%2Fv2%2Fcomments&post=6060"}],"version-history":[{"count":3,"href":"http:\/\/soldatenschicksale.de\/index.php?rest_route=\/wp\/v2\/posts\/6060\/revisions"}],"predecessor-version":[{"id":6074,"href":"http:\/\/soldatenschicksale.de\/index.php?rest_route=\/wp\/v2\/posts\/6060\/revisions\/6074"}],"wp:attachment":[{"href":"http:\/\/soldatenschicksale.de\/index.php?rest_route=%2Fwp%2Fv2%2Fmedia&parent=6060"}],"wp:term":[{"taxonomy":"category","embeddable":true,"href":"http:\/\/soldatenschicksale.de\/index.php?rest_route=%2Fwp%2Fv2%2Fcategories&post=6060"},{"taxonomy":"post_tag","embeddable":true,"href":"http:\/\/soldatenschicksale.de\/index.php?rest_route=%2Fwp%2Fv2%2Ftags&post=6060"}],"curies":[{"name":"wp","href":"https:\/\/api.w.org\/{rel}","templated":true}]}}