{"id":6083,"date":"2025-12-07T00:00:13","date_gmt":"2025-12-06T23:00:13","guid":{"rendered":"http:\/\/soldatenschicksale.de\/?p=6083"},"modified":"2025-06-26T18:57:20","modified_gmt":"2025-06-26T16:57:20","slug":"soldatenschicksale-des-1-weltkrieges-teil-469-friedrich-kummer","status":"publish","type":"post","link":"http:\/\/soldatenschicksale.de\/?p=6083","title":{"rendered":"Soldatenschicksale des 1. Weltkrieges Teil 469: Friedrich Kummer"},"content":{"rendered":"<p>Der Soldat Friedrich Kummer stammte aus <a href=\"https:\/\/maps.app.goo.gl\/2xZEQfLdsb2Mkfgv9\" target=\"_blank\" rel=\"noopener\">Thumlingen<\/a>, einem Ortsteil der Gemeinde <a href=\"https:\/\/de.wikipedia.org\/wiki\/Waldachtal\" target=\"_blank\" rel=\"noopener\">Waldachtal<\/a> im heutigen Bundesland Baden-W\u00fcrttemberg. Im Ersten Weltkrieg k\u00e4mpfte er als Wehrmann in der 4. Kompanie des 121. Landwehr-Infanterie-Regiments. Am 04.09.1914 fiel er w\u00e4hrend der K\u00e4mpfe in den Vogesen nahe der Stadt M\u00fcnster (franz\u00f6sisch: Munster, els\u00e4ssisch: menschter).<\/p>\n<p>Man begrub Friedrich Kummer auf dem Soldatenfriedhof <span data-sheets-root=\"1\"><a class=\"in-cell-link\" href=\"https:\/\/goo.gl\/maps\/P4rSTZbxnXm\" target=\"_blank\" rel=\"noopener\">Munster<\/a><\/span> in <span data-sheets-root=\"1\">Block 1, Grab 40.<\/span><\/p>\n<figure id=\"attachment_4012\" aria-describedby=\"caption-attachment-4012\" style=\"width: 528px\" class=\"wp-caption aligncenter\"><img loading=\"lazy\" decoding=\"async\" class=\"size-full wp-image-4012\" src=\"http:\/\/soldatenschicksale.de\/wp-content\/uploads\/2025\/02\/Friedrich-Scholpp-Friedrich-Kummer.jpg\" alt=\"\" width=\"528\" height=\"800\" srcset=\"http:\/\/soldatenschicksale.de\/wp-content\/uploads\/2025\/02\/Friedrich-Scholpp-Friedrich-Kummer.jpg 528w, http:\/\/soldatenschicksale.de\/wp-content\/uploads\/2025\/02\/Friedrich-Scholpp-Friedrich-Kummer-198x300.jpg 198w\" sizes=\"auto, (max-width: 528px) 85vw, 528px\" \/><figcaption id=\"caption-attachment-4012\" class=\"wp-caption-text\">Das Grab von Friedrich Scholpp und Friedrich Kummer auf dem Soldatenfriedhof Munster<\/figcaption><\/figure>\n","protected":false},"excerpt":{"rendered":"<p>Der Soldat Friedrich Kummer stammte aus Thumlingen, einem Ortsteil der Gemeinde Waldachtal im heutigen Bundesland Baden-W\u00fcrttemberg. Im Ersten Weltkrieg k\u00e4mpfte er als Wehrmann in der 4. Kompanie des 121. Landwehr-Infanterie-Regiments. Am 04.09.1914 fiel er w\u00e4hrend der K\u00e4mpfe in den Vogesen nahe der Stadt M\u00fcnster (franz\u00f6sisch: Munster, els\u00e4ssisch: menschter). Man begrub Friedrich Kummer auf dem Soldatenfriedhof &hellip; <a href=\"http:\/\/soldatenschicksale.de\/?p=6083\" class=\"more-link\"><span class=\"screen-reader-text\">\u201eSoldatenschicksale des 1. Weltkrieges Teil 469: Friedrich Kummer\u201c <\/span>weiterlesen<\/a><\/p>\n","protected":false},"author":2,"featured_media":0,"comment_status":"closed","ping_status":"open","sticky":false,"template":"","format":"standard","meta":{"footnotes":"","_wp_rev_ctl_limit":""},"categories":[1007,76,988,468,75],"tags":[1654,99,303,78,990,1529,1526,1486,2132,306,2133,1259,239],"class_list":["post-6083","post","type-post","status-publish","format-standard","hentry","category-1-weltkrieg","category-frankreich","category-grand-est","category-vogesen-elsass","category-westfront","tag-121-landwehr-infanterie-regiment","tag-baden-wuerttemberg","tag-elsass","tag-frankreich","tag-grand-est","tag-landwehrmann","tag-menschter","tag-muenster","tag-thumlingen","tag-vogesen","tag-waldachtal","tag-wehrmann","tag-westfront"],"_links":{"self":[{"href":"http:\/\/soldatenschicksale.de\/index.php?rest_route=\/wp\/v2\/posts\/6083","targetHints":{"allow":["GET"]}}],"collection":[{"href":"http:\/\/soldatenschicksale.de\/index.php?rest_route=\/wp\/v2\/posts"}],"about":[{"href":"http:\/\/soldatenschicksale.de\/index.php?rest_route=\/wp\/v2\/types\/post"}],"author":[{"embeddable":true,"href":"http:\/\/soldatenschicksale.de\/index.php?rest_route=\/wp\/v2\/users\/2"}],"replies":[{"embeddable":true,"href":"http:\/\/soldatenschicksale.de\/index.php?rest_route=%2Fwp%2Fv2%2Fcomments&post=6083"}],"version-history":[{"count":3,"href":"http:\/\/soldatenschicksale.de\/index.php?rest_route=\/wp\/v2\/posts\/6083\/revisions"}],"predecessor-version":[{"id":6085,"href":"http:\/\/soldatenschicksale.de\/index.php?rest_route=\/wp\/v2\/posts\/6083\/revisions\/6085"}],"wp:attachment":[{"href":"http:\/\/soldatenschicksale.de\/index.php?rest_route=%2Fwp%2Fv2%2Fmedia&parent=6083"}],"wp:term":[{"taxonomy":"category","embeddable":true,"href":"http:\/\/soldatenschicksale.de\/index.php?rest_route=%2Fwp%2Fv2%2Fcategories&post=6083"},{"taxonomy":"post_tag","embeddable":true,"href":"http:\/\/soldatenschicksale.de\/index.php?rest_route=%2Fwp%2Fv2%2Ftags&post=6083"}],"curies":[{"name":"wp","href":"https:\/\/api.w.org\/{rel}","templated":true}]}}