{"id":6094,"date":"2025-12-11T00:00:10","date_gmt":"2025-12-10T23:00:10","guid":{"rendered":"http:\/\/soldatenschicksale.de\/?p=6094"},"modified":"2025-06-27T18:46:03","modified_gmt":"2025-06-27T16:46:03","slug":"soldatenschicksale-des-1-weltkrieges-teil-473-johann-schurer","status":"publish","type":"post","link":"http:\/\/soldatenschicksale.de\/?p=6094","title":{"rendered":"Soldatenschicksale des 1. Weltkrieges Teil 473: Johann Schurer"},"content":{"rendered":"<p>Der Soldat Johann Schurer stammte aus der bayerischen Gemeinde <a href=\"https:\/\/de.wikipedia.org\/wiki\/Weiltingen\" target=\"_blank\" rel=\"noopener\">Weiltingen<\/a>. Im Ersten Weltkrieg k\u00e4mpfte er als Kanonier in der 4. Batterie des 9. bayerischen Reserve-Feldartillerie-Regiments. Am 04.03.1915 fiel er w\u00e4hrend der K\u00e4mpfe in den Vogesen nahe der Stadt <a href=\"https:\/\/de.wikipedia.org\/wiki\/Munster_(Haut-Rhin)\" target=\"_blank\" rel=\"noopener\">M\u00fcnster<\/a> (franz\u00f6sisch: Munster, els\u00e4ssisch: Menschter).<\/p>\n<p>Man begrub Johann Schurer auf dem Soldatenfriedhof <span data-sheets-root=\"1\"><a class=\"in-cell-link\" href=\"https:\/\/goo.gl\/maps\/P4rSTZbxnXm\" target=\"_blank\" rel=\"noopener\">Munster<\/a><\/span> in <span data-sheets-root=\"1\">Block 1, Grab 36.<\/span><\/p>\n<figure id=\"attachment_4015\" aria-describedby=\"caption-attachment-4015\" style=\"width: 549px\" class=\"wp-caption aligncenter\"><img loading=\"lazy\" decoding=\"async\" class=\"size-full wp-image-4015\" src=\"http:\/\/soldatenschicksale.de\/wp-content\/uploads\/2025\/02\/Karl-Hess-Johann-Schurer.jpg\" alt=\"\" width=\"549\" height=\"800\" srcset=\"http:\/\/soldatenschicksale.de\/wp-content\/uploads\/2025\/02\/Karl-Hess-Johann-Schurer.jpg 549w, http:\/\/soldatenschicksale.de\/wp-content\/uploads\/2025\/02\/Karl-Hess-Johann-Schurer-206x300.jpg 206w\" sizes=\"auto, (max-width: 549px) 85vw, 549px\" \/><figcaption id=\"caption-attachment-4015\" class=\"wp-caption-text\">Das Grab von Karl Hess und Johann Schurer auf dem Soldatenfriedhof Munster<\/figcaption><\/figure>\n","protected":false},"excerpt":{"rendered":"<p>Der Soldat Johann Schurer stammte aus der bayerischen Gemeinde Weiltingen. Im Ersten Weltkrieg k\u00e4mpfte er als Kanonier in der 4. Batterie des 9. bayerischen Reserve-Feldartillerie-Regiments. Am 04.03.1915 fiel er w\u00e4hrend der K\u00e4mpfe in den Vogesen nahe der Stadt M\u00fcnster (franz\u00f6sisch: Munster, els\u00e4ssisch: Menschter). Man begrub Johann Schurer auf dem Soldatenfriedhof Munster in Block 1, Grab &hellip; <a href=\"http:\/\/soldatenschicksale.de\/?p=6094\" class=\"more-link\"><span class=\"screen-reader-text\">\u201eSoldatenschicksale des 1. Weltkrieges Teil 473: Johann Schurer\u201c <\/span>weiterlesen<\/a><\/p>\n","protected":false},"author":2,"featured_media":0,"comment_status":"closed","ping_status":"open","sticky":false,"template":"","format":"standard","meta":{"footnotes":"","_wp_rev_ctl_limit":""},"categories":[1007],"tags":[2053,21,303,78,990,747,1526,1486,306,2134,2135,239],"class_list":["post-6094","post","type-post","status-publish","format-standard","hentry","category-1-weltkrieg","tag-9-bayerisches-reserve-feldartillerie-regiment","tag-bayern","tag-elsass","tag-frankreich","tag-grand-est","tag-kanonier","tag-menschter","tag-muenster","tag-vogesen","tag-weilingen","tag-weiltingen","tag-westfront"],"_links":{"self":[{"href":"http:\/\/soldatenschicksale.de\/index.php?rest_route=\/wp\/v2\/posts\/6094","targetHints":{"allow":["GET"]}}],"collection":[{"href":"http:\/\/soldatenschicksale.de\/index.php?rest_route=\/wp\/v2\/posts"}],"about":[{"href":"http:\/\/soldatenschicksale.de\/index.php?rest_route=\/wp\/v2\/types\/post"}],"author":[{"embeddable":true,"href":"http:\/\/soldatenschicksale.de\/index.php?rest_route=\/wp\/v2\/users\/2"}],"replies":[{"embeddable":true,"href":"http:\/\/soldatenschicksale.de\/index.php?rest_route=%2Fwp%2Fv2%2Fcomments&post=6094"}],"version-history":[{"count":3,"href":"http:\/\/soldatenschicksale.de\/index.php?rest_route=\/wp\/v2\/posts\/6094\/revisions"}],"predecessor-version":[{"id":6101,"href":"http:\/\/soldatenschicksale.de\/index.php?rest_route=\/wp\/v2\/posts\/6094\/revisions\/6101"}],"wp:attachment":[{"href":"http:\/\/soldatenschicksale.de\/index.php?rest_route=%2Fwp%2Fv2%2Fmedia&parent=6094"}],"wp:term":[{"taxonomy":"category","embeddable":true,"href":"http:\/\/soldatenschicksale.de\/index.php?rest_route=%2Fwp%2Fv2%2Fcategories&post=6094"},{"taxonomy":"post_tag","embeddable":true,"href":"http:\/\/soldatenschicksale.de\/index.php?rest_route=%2Fwp%2Fv2%2Ftags&post=6094"}],"curies":[{"name":"wp","href":"https:\/\/api.w.org\/{rel}","templated":true}]}}