{"id":6161,"date":"2025-12-20T00:00:02","date_gmt":"2025-12-19T23:00:02","guid":{"rendered":"http:\/\/soldatenschicksale.de\/?p=6161"},"modified":"2025-06-28T19:44:07","modified_gmt":"2025-06-28T17:44:07","slug":"soldatenschicksale-des-1-weltkrieges-teil-482-michael-hallermeier","status":"publish","type":"post","link":"http:\/\/soldatenschicksale.de\/?p=6161","title":{"rendered":"Soldatenschicksale des 1. Weltkrieges Teil 482: Michael Hallermeier"},"content":{"rendered":"<p><span data-sheets-root=\"1\">Der Soldat Michael Hallermeier (richtig: Hollermeier) stammte aus\u00a0 der bayerischen Gemeinde <a href=\"https:\/\/de.wikipedia.org\/wiki\/Mitterfels\" target=\"_blank\" rel=\"noopener\">Mitterfels<\/a>. Im Ersten Weltkrieg k\u00e4mpfte er als Infanterist in der 11. Kompanie des 23. bayerischen Reserve-Infanterie-Regiments. Am 02.03.1915 fiel er w\u00e4hrend der K\u00e4mpfe in den Vogesen nahe der Stadt <a href=\"https:\/\/de.wikipedia.org\/wiki\/Munster_(Haut-Rhin)\" target=\"_blank\" rel=\"noopener\">M\u00fcnster<\/a> (franz\u00f6sisch: Munster, els\u00e4ssisch: Menschter).\u00a0<\/span><\/p>\n<p>Man begrub Michael Hallermeier auf dem Soldatenfriedhof <span data-sheets-root=\"1\"><a class=\"in-cell-link\" href=\"https:\/\/goo.gl\/maps\/P4rSTZbxnXm\" target=\"_blank\" rel=\"noopener\">Munster<\/a><\/span> in <span data-sheets-root=\"1\">Block 1, Grab 21.<\/span><\/p>\n<figure id=\"attachment_4021\" aria-describedby=\"caption-attachment-4021\" style=\"width: 543px\" class=\"wp-caption aligncenter\"><img loading=\"lazy\" decoding=\"async\" class=\"size-full wp-image-4021\" src=\"http:\/\/soldatenschicksale.de\/wp-content\/uploads\/2025\/02\/Michael-Hallermeier-Albert-Fraenkel.jpg\" alt=\"\" width=\"543\" height=\"800\" srcset=\"http:\/\/soldatenschicksale.de\/wp-content\/uploads\/2025\/02\/Michael-Hallermeier-Albert-Fraenkel.jpg 543w, http:\/\/soldatenschicksale.de\/wp-content\/uploads\/2025\/02\/Michael-Hallermeier-Albert-Fraenkel-204x300.jpg 204w\" sizes=\"auto, (max-width: 543px) 85vw, 543px\" \/><figcaption id=\"caption-attachment-4021\" class=\"wp-caption-text\">Das Grab von Michael Hallermeier und Albert Fraenkel auf dem Soldatenfriedhof M\u00fcnster<\/figcaption><\/figure>\n","protected":false},"excerpt":{"rendered":"<p>Der Soldat Michael Hallermeier (richtig: Hollermeier) stammte aus\u00a0 der bayerischen Gemeinde Mitterfels. Im Ersten Weltkrieg k\u00e4mpfte er als Infanterist in der 11. Kompanie des 23. bayerischen Reserve-Infanterie-Regiments. Am 02.03.1915 fiel er w\u00e4hrend der K\u00e4mpfe in den Vogesen nahe der Stadt M\u00fcnster (franz\u00f6sisch: Munster, els\u00e4ssisch: Menschter).\u00a0 Man begrub Michael Hallermeier auf dem Soldatenfriedhof Munster in Block &hellip; <a href=\"http:\/\/soldatenschicksale.de\/?p=6161\" class=\"more-link\"><span class=\"screen-reader-text\">\u201eSoldatenschicksale des 1. Weltkrieges Teil 482: Michael Hallermeier\u201c <\/span>weiterlesen<\/a><\/p>\n","protected":false},"author":2,"featured_media":0,"comment_status":"closed","ping_status":"open","sticky":false,"template":"","format":"standard","meta":{"footnotes":"","_wp_rev_ctl_limit":""},"categories":[1007,76,988,468,75],"tags":[2117,303,78,990,1526,2150,1486,1129,306,2149],"class_list":["post-6161","post","type-post","status-publish","format-standard","hentry","category-1-weltkrieg","category-frankreich","category-grand-est","category-vogesen-elsass","category-westfront","tag-23-bayerisches-reserve-infanterie-regiment","tag-elsass","tag-frankreich","tag-grand-est","tag-menschter","tag-mittenfels","tag-muenster","tag-verlustliste","tag-vogesen","tag-wetsfront"],"_links":{"self":[{"href":"http:\/\/soldatenschicksale.de\/index.php?rest_route=\/wp\/v2\/posts\/6161","targetHints":{"allow":["GET"]}}],"collection":[{"href":"http:\/\/soldatenschicksale.de\/index.php?rest_route=\/wp\/v2\/posts"}],"about":[{"href":"http:\/\/soldatenschicksale.de\/index.php?rest_route=\/wp\/v2\/types\/post"}],"author":[{"embeddable":true,"href":"http:\/\/soldatenschicksale.de\/index.php?rest_route=\/wp\/v2\/users\/2"}],"replies":[{"embeddable":true,"href":"http:\/\/soldatenschicksale.de\/index.php?rest_route=%2Fwp%2Fv2%2Fcomments&post=6161"}],"version-history":[{"count":3,"href":"http:\/\/soldatenschicksale.de\/index.php?rest_route=\/wp\/v2\/posts\/6161\/revisions"}],"predecessor-version":[{"id":6165,"href":"http:\/\/soldatenschicksale.de\/index.php?rest_route=\/wp\/v2\/posts\/6161\/revisions\/6165"}],"wp:attachment":[{"href":"http:\/\/soldatenschicksale.de\/index.php?rest_route=%2Fwp%2Fv2%2Fmedia&parent=6161"}],"wp:term":[{"taxonomy":"category","embeddable":true,"href":"http:\/\/soldatenschicksale.de\/index.php?rest_route=%2Fwp%2Fv2%2Fcategories&post=6161"},{"taxonomy":"post_tag","embeddable":true,"href":"http:\/\/soldatenschicksale.de\/index.php?rest_route=%2Fwp%2Fv2%2Ftags&post=6161"}],"curies":[{"name":"wp","href":"https:\/\/api.w.org\/{rel}","templated":true}]}}