{"id":6225,"date":"2025-12-31T00:00:41","date_gmt":"2025-12-30T23:00:41","guid":{"rendered":"http:\/\/soldatenschicksale.de\/?p=6225"},"modified":"2025-07-01T22:02:50","modified_gmt":"2025-07-01T20:02:50","slug":"soldatenschicksale-des-1-weltkrieges-teil-493-johann-karlstaetter","status":"publish","type":"post","link":"http:\/\/soldatenschicksale.de\/?p=6225","title":{"rendered":"Soldatenschicksale des 1. Weltkrieges Teil 493: Johann Karlst\u00e4tter"},"content":{"rendered":"<p>Der Soldat Johann Karlst\u00e4tter wurde am 14.10.1893 in der bayerischen Gemeinde <a href=\"https:\/\/de.wikipedia.org\/wiki\/F%C3%BCrstenzell\" target=\"_blank\" rel=\"noopener\">F\u00fcrstenzell<\/a>. Im Ersten Weltkrieg k\u00e4mpfte er als Infanterist in der 2. Kompanie des 18. bayerischen Reserve-Infanterie-Regiments. Am 12.03.1915\u00a0 fiel er w\u00e4hrend der K\u00e4mpfe in den Vogesen nahe der Stadt <a href=\"https:\/\/de.wikipedia.org\/wiki\/Munster_(Haut-Rhin)\" target=\"_blank\" rel=\"noopener\">M\u00fcnster<\/a> (franz\u00f6sisch: Munster, els\u00e4ssisch: Menschter). Johann Karlst\u00e4tter wurde 21 Jahre alt.<\/p>\n<p>Man begrub Johann Karlst\u00e4tter auf dem Soldatenfriedhof <span data-sheets-root=\"1\"><a class=\"in-cell-link\" href=\"https:\/\/goo.gl\/maps\/P4rSTZbxnXm\" target=\"_blank\" rel=\"noopener\">Munster<\/a><\/span> in <span data-sheets-root=\"1\">Block 2, Grab 36.<\/span><\/p>\n<p>In seiner Heimatgemeinde F\u00fcrstenzell gedenkt man Johann Karlst\u00e4tter noch heute auf einem Denkmal: <a href=\"http:\/\/www.denkmalprojekt.org\/2010\/fuerstenzell_lk-passau_70-71_wk1_by.html\" target=\"_blank\" rel=\"noopener\">http:\/\/www.denkmalprojekt.org\/2010\/fuerstenzell_lk-passau_70-71_wk1_by.html<\/a><\/p>\n<figure id=\"attachment_4030\" aria-describedby=\"caption-attachment-4030\" style=\"width: 504px\" class=\"wp-caption aligncenter\"><img loading=\"lazy\" decoding=\"async\" class=\"size-full wp-image-4030\" src=\"http:\/\/soldatenschicksale.de\/wp-content\/uploads\/2025\/02\/Johann-Karlsaetter-Leo-Schehl.jpg\" alt=\"\" width=\"504\" height=\"800\" srcset=\"http:\/\/soldatenschicksale.de\/wp-content\/uploads\/2025\/02\/Johann-Karlsaetter-Leo-Schehl.jpg 504w, http:\/\/soldatenschicksale.de\/wp-content\/uploads\/2025\/02\/Johann-Karlsaetter-Leo-Schehl-189x300.jpg 189w\" sizes=\"auto, (max-width: 504px) 85vw, 504px\" \/><figcaption id=\"caption-attachment-4030\" class=\"wp-caption-text\">Das Grab von Johann Karlst\u00e4tter und Leo Schehl auf dem Soldatenfriedhof M\u00fcnster<\/figcaption><\/figure>\n","protected":false},"excerpt":{"rendered":"<p>Der Soldat Johann Karlst\u00e4tter wurde am 14.10.1893 in der bayerischen Gemeinde F\u00fcrstenzell. Im Ersten Weltkrieg k\u00e4mpfte er als Infanterist in der 2. Kompanie des 18. bayerischen Reserve-Infanterie-Regiments. Am 12.03.1915\u00a0 fiel er w\u00e4hrend der K\u00e4mpfe in den Vogesen nahe der Stadt M\u00fcnster (franz\u00f6sisch: Munster, els\u00e4ssisch: Menschter). Johann Karlst\u00e4tter wurde 21 Jahre alt. Man begrub Johann Karlst\u00e4tter &hellip; <a href=\"http:\/\/soldatenschicksale.de\/?p=6225\" class=\"more-link\"><span class=\"screen-reader-text\">\u201eSoldatenschicksale des 1. Weltkrieges Teil 493: Johann Karlst\u00e4tter\u201c <\/span>weiterlesen<\/a><\/p>\n","protected":false},"author":2,"featured_media":0,"comment_status":"closed","ping_status":"open","sticky":false,"template":"","format":"standard","meta":{"footnotes":"","_wp_rev_ctl_limit":""},"categories":[1007,76,988,468,75],"tags":[2063,21,30,303,78,2165,990,1056,1526,1486,306,239],"class_list":["post-6225","post","type-post","status-publish","format-standard","hentry","category-1-weltkrieg","category-frankreich","category-grand-est","category-vogesen-elsass","category-westfront","tag-18-bayerisches-reserve-infanterie-regiment","tag-bayern","tag-denkmal","tag-elsass","tag-frankreich","tag-fuerstenzell","tag-grand-est","tag-infanterist","tag-menschter","tag-muenster","tag-vogesen","tag-westfront"],"_links":{"self":[{"href":"http:\/\/soldatenschicksale.de\/index.php?rest_route=\/wp\/v2\/posts\/6225","targetHints":{"allow":["GET"]}}],"collection":[{"href":"http:\/\/soldatenschicksale.de\/index.php?rest_route=\/wp\/v2\/posts"}],"about":[{"href":"http:\/\/soldatenschicksale.de\/index.php?rest_route=\/wp\/v2\/types\/post"}],"author":[{"embeddable":true,"href":"http:\/\/soldatenschicksale.de\/index.php?rest_route=\/wp\/v2\/users\/2"}],"replies":[{"embeddable":true,"href":"http:\/\/soldatenschicksale.de\/index.php?rest_route=%2Fwp%2Fv2%2Fcomments&post=6225"}],"version-history":[{"count":3,"href":"http:\/\/soldatenschicksale.de\/index.php?rest_route=\/wp\/v2\/posts\/6225\/revisions"}],"predecessor-version":[{"id":6231,"href":"http:\/\/soldatenschicksale.de\/index.php?rest_route=\/wp\/v2\/posts\/6225\/revisions\/6231"}],"wp:attachment":[{"href":"http:\/\/soldatenschicksale.de\/index.php?rest_route=%2Fwp%2Fv2%2Fmedia&parent=6225"}],"wp:term":[{"taxonomy":"category","embeddable":true,"href":"http:\/\/soldatenschicksale.de\/index.php?rest_route=%2Fwp%2Fv2%2Fcategories&post=6225"},{"taxonomy":"post_tag","embeddable":true,"href":"http:\/\/soldatenschicksale.de\/index.php?rest_route=%2Fwp%2Fv2%2Ftags&post=6225"}],"curies":[{"name":"wp","href":"https:\/\/api.w.org\/{rel}","templated":true}]}}