{"id":6238,"date":"2026-01-02T00:00:52","date_gmt":"2026-01-01T23:00:52","guid":{"rendered":"http:\/\/soldatenschicksale.de\/?p=6238"},"modified":"2025-07-01T22:48:59","modified_gmt":"2025-07-01T20:48:59","slug":"soldatenschicksale-des-1-weltkrieges-teil-495-josef-offermann","status":"publish","type":"post","link":"http:\/\/soldatenschicksale.de\/?p=6238","title":{"rendered":"Soldatenschicksale des 1. Weltkrieges Teil 495: Josef Offermann"},"content":{"rendered":"<p>Der Soldat Josef Offermann wurde am 21.11.1883 in <a href=\"https:\/\/de.wikipedia.org\/wiki\/Richterich\" target=\"_blank\" rel=\"noopener\">Richterich<\/a> geboren, einem Ortsteil der Stadt <a href=\"https:\/\/de.wikipedia.org\/wiki\/Aachen\" target=\"_blank\" rel=\"noopener\">Aachen<\/a> im heutigen Bundesland Nordrhein-Westfalen. Im Ersten Weltkrieg k\u00e4mpfte er als Wehrmann in der 4. Kompanie des 25. Infanterie-Regiments. Am 24.02.1915 fiel er w\u00e4hrend der K\u00e4mpfe in den Vogesen bei Sto\u00dfweier nahe der Stadt <a href=\"https:\/\/de.wikipedia.org\/wiki\/Munster_(Haut-Rhin)\" target=\"_blank\" rel=\"noopener\">M\u00fcnster<\/a> (franz\u00f6sisch: Munster, els\u00e4ssisch: Menschter). Josef Offermann wurde 31 Jahre alt.<\/p>\n<p>Man begrub Josef Offermann auf dem Soldatenfriedhof <span data-sheets-root=\"1\"><a class=\"in-cell-link\" href=\"https:\/\/goo.gl\/maps\/P4rSTZbxnXm\" target=\"_blank\" rel=\"noopener\">Munster<\/a><\/span> in <span data-sheets-root=\"1\">Block 2, Grab 38.<\/span><\/p>\n<figure id=\"attachment_4031\" aria-describedby=\"caption-attachment-4031\" style=\"width: 589px\" class=\"wp-caption aligncenter\"><img loading=\"lazy\" decoding=\"async\" class=\"size-full wp-image-4031\" src=\"http:\/\/soldatenschicksale.de\/wp-content\/uploads\/2025\/02\/Josef-Offermann-Josef-Ortanderl.jpg\" alt=\"\" width=\"589\" height=\"800\" srcset=\"http:\/\/soldatenschicksale.de\/wp-content\/uploads\/2025\/02\/Josef-Offermann-Josef-Ortanderl.jpg 589w, http:\/\/soldatenschicksale.de\/wp-content\/uploads\/2025\/02\/Josef-Offermann-Josef-Ortanderl-221x300.jpg 221w\" sizes=\"auto, (max-width: 589px) 85vw, 589px\" \/><figcaption id=\"caption-attachment-4031\" class=\"wp-caption-text\">Das Grab von Josef Offermann und Josef Ortanderl auf dem Soldatenfriedhof M\u00fcnster<\/figcaption><\/figure>\n","protected":false},"excerpt":{"rendered":"<p>Der Soldat Josef Offermann wurde am 21.11.1883 in Richterich geboren, einem Ortsteil der Stadt Aachen im heutigen Bundesland Nordrhein-Westfalen. Im Ersten Weltkrieg k\u00e4mpfte er als Wehrmann in der 4. Kompanie des 25. Infanterie-Regiments. Am 24.02.1915 fiel er w\u00e4hrend der K\u00e4mpfe in den Vogesen bei Sto\u00dfweier nahe der Stadt M\u00fcnster (franz\u00f6sisch: Munster, els\u00e4ssisch: Menschter). Josef Offermann &hellip; <a href=\"http:\/\/soldatenschicksale.de\/?p=6238\" class=\"more-link\"><span class=\"screen-reader-text\">\u201eSoldatenschicksale des 1. Weltkrieges Teil 495: Josef Offermann\u201c <\/span>weiterlesen<\/a><\/p>\n","protected":false},"author":2,"featured_media":0,"comment_status":"closed","ping_status":"open","sticky":false,"template":"","format":"standard","meta":{"footnotes":"","_wp_rev_ctl_limit":""},"categories":[1007,76,988,468,75],"tags":[2168,2170,303,78,990,1529,1526,1486,2167,7,2169,2171,306,1259,239],"class_list":["post-6238","post","type-post","status-publish","format-standard","hentry","category-1-weltkrieg","category-frankreich","category-grand-est","category-vogesen-elsass","category-westfront","tag-25-infanterie-regiment","tag-aachen","tag-elsass","tag-frankreich","tag-grand-est","tag-landwehrmann","tag-menschter","tag-muenster","tag-munter","tag-nordrhein-westfalen","tag-richterich","tag-stossweier","tag-vogesen","tag-wehrmann","tag-westfront"],"_links":{"self":[{"href":"http:\/\/soldatenschicksale.de\/index.php?rest_route=\/wp\/v2\/posts\/6238","targetHints":{"allow":["GET"]}}],"collection":[{"href":"http:\/\/soldatenschicksale.de\/index.php?rest_route=\/wp\/v2\/posts"}],"about":[{"href":"http:\/\/soldatenschicksale.de\/index.php?rest_route=\/wp\/v2\/types\/post"}],"author":[{"embeddable":true,"href":"http:\/\/soldatenschicksale.de\/index.php?rest_route=\/wp\/v2\/users\/2"}],"replies":[{"embeddable":true,"href":"http:\/\/soldatenschicksale.de\/index.php?rest_route=%2Fwp%2Fv2%2Fcomments&post=6238"}],"version-history":[{"count":3,"href":"http:\/\/soldatenschicksale.de\/index.php?rest_route=\/wp\/v2\/posts\/6238\/revisions"}],"predecessor-version":[{"id":6244,"href":"http:\/\/soldatenschicksale.de\/index.php?rest_route=\/wp\/v2\/posts\/6238\/revisions\/6244"}],"wp:attachment":[{"href":"http:\/\/soldatenschicksale.de\/index.php?rest_route=%2Fwp%2Fv2%2Fmedia&parent=6238"}],"wp:term":[{"taxonomy":"category","embeddable":true,"href":"http:\/\/soldatenschicksale.de\/index.php?rest_route=%2Fwp%2Fv2%2Fcategories&post=6238"},{"taxonomy":"post_tag","embeddable":true,"href":"http:\/\/soldatenschicksale.de\/index.php?rest_route=%2Fwp%2Fv2%2Ftags&post=6238"}],"curies":[{"name":"wp","href":"https:\/\/api.w.org\/{rel}","templated":true}]}}