{"id":624,"date":"2021-03-12T00:00:49","date_gmt":"2021-03-11T23:00:49","guid":{"rendered":"http:\/\/soldatenschicksale.de\/?p=624"},"modified":"2021-12-22T20:09:14","modified_gmt":"2021-12-22T19:09:14","slug":"soldatenschicksale-des-2-weltkrieges-teil-74-franz-weber","status":"publish","type":"post","link":"http:\/\/soldatenschicksale.de\/?p=624","title":{"rendered":"Soldatenschicksale des 2. Weltkrieges Teil 74: Franz Weber"},"content":{"rendered":"<p>DDer Soldat Franz Weber wurde 20.12.1926 in <a href=\"https:\/\/de.wikipedia.org\/wiki\/Riedb%C3%B6hringen\" target=\"_blank\" rel=\"noopener\">Riedb\u00f6hringen<\/a> geboren, einem Ortsteil der Stadt <a href=\"https:\/\/de.wikipedia.org\/wiki\/Blumberg\" target=\"_blank\" rel=\"noopener\">Blumberg<\/a> im heutigen Bundesland Baden-W\u00fcrttemberg. Im Zweiten Weltkrieg k\u00e4mpfte er als Grenadier in der Wehrmacht. Am 07.12.1944 fiel er im Alter von nur 17 Jahren bei <a href=\"https:\/\/de.wikipedia.org\/wiki\/Enchenberg\" target=\"_blank\" rel=\"noopener\">Enchenberg<\/a>, in der N\u00e4he von <a href=\"https:\/\/de.wikipedia.org\/wiki\/Bitsch\" target=\"_blank\" rel=\"noopener\">Bitsch<\/a> (Lothringen).<\/p>\n<p><span data-sheets-value=\"{&quot;1&quot;:2,&quot;2&quot;:&quot;Niederbronn-les-Bains&quot;}\" data-sheets-userformat=\"{&quot;2&quot;:1049089,&quot;3&quot;:{&quot;1&quot;:0},&quot;12&quot;:0,&quot;23&quot;:1}\" data-sheets-formula=\"=HYPERLINK(&quot;https:\/\/goo.gl\/maps\/hWsb7E5Hp3A2&quot;;&quot;Niederbronn-les-Bains&quot;)\" data-sheets-hyperlink=\"https:\/\/goo.gl\/maps\/hWsb7E5Hp3A2\">Man begrub Franz Weber auf dem Soldatenfriedhof <a class=\"in-cell-link\" href=\"https:\/\/goo.gl\/maps\/hWsb7E5Hp3A2\" target=\"_blank\" rel=\"noopener\">Niederbronn-les-Bains<\/a><\/span> in <span data-sheets-value=\"{&quot;1&quot;:2,&quot;2&quot;:&quot;Block 40, Reihe 11, Grab 346&quot;}\" data-sheets-userformat=\"{&quot;2&quot;:513,&quot;3&quot;:{&quot;1&quot;:0},&quot;12&quot;:0}\">Block 40, Reihe 11, Grab 346.<\/span><\/p>\n<p>Seine Heimatgemeinde Riedb\u00f6hringen gedenkt Franz Weber noch heute auf einem Denkmal: <a href=\"http:\/\/www.denkmalprojekt.org\/dkm_deutschland\/riedboehringen_wk1u2_bw.htm\" target=\"_blank\" rel=\"noopener\">http:\/\/www.denkmalprojekt.org\/dkm_deutschland\/riedboehringen_wk1u2_bw.htm<\/a><\/p>\n<figure id=\"attachment_616\" aria-describedby=\"caption-attachment-616\" style=\"width: 800px\" class=\"wp-caption aligncenter\"><img loading=\"lazy\" decoding=\"async\" class=\"size-full wp-image-616\" src=\"http:\/\/soldatenschicksale.de\/wp-content\/uploads\/2021\/03\/Franz-Weber-vorne.jpg\" alt=\"\" width=\"800\" height=\"616\" srcset=\"http:\/\/soldatenschicksale.de\/wp-content\/uploads\/2021\/03\/Franz-Weber-vorne.jpg 800w, http:\/\/soldatenschicksale.de\/wp-content\/uploads\/2021\/03\/Franz-Weber-vorne-300x231.jpg 300w, http:\/\/soldatenschicksale.de\/wp-content\/uploads\/2021\/03\/Franz-Weber-vorne-768x591.jpg 768w\" sizes=\"auto, (max-width: 709px) 85vw, (max-width: 909px) 67vw, (max-width: 984px) 61vw, (max-width: 1362px) 45vw, 600px\" \/><figcaption id=\"caption-attachment-616\" class=\"wp-caption-text\">Sterbebild von Franz Weber<\/figcaption><\/figure>\n<figure id=\"attachment_615\" aria-describedby=\"caption-attachment-615\" style=\"width: 800px\" class=\"wp-caption aligncenter\"><img loading=\"lazy\" decoding=\"async\" class=\"size-full wp-image-615\" src=\"http:\/\/soldatenschicksale.de\/wp-content\/uploads\/2021\/03\/Franz-Weber-hinten.jpg\" alt=\"\" width=\"800\" height=\"616\" srcset=\"http:\/\/soldatenschicksale.de\/wp-content\/uploads\/2021\/03\/Franz-Weber-hinten.jpg 800w, http:\/\/soldatenschicksale.de\/wp-content\/uploads\/2021\/03\/Franz-Weber-hinten-300x231.jpg 300w, http:\/\/soldatenschicksale.de\/wp-content\/uploads\/2021\/03\/Franz-Weber-hinten-768x591.jpg 768w\" sizes=\"auto, (max-width: 709px) 85vw, (max-width: 909px) 67vw, (max-width: 984px) 61vw, (max-width: 1362px) 45vw, 600px\" \/><figcaption id=\"caption-attachment-615\" class=\"wp-caption-text\">R\u00fcckseite des Sterbebildes von Franz Weber<\/figcaption><\/figure>\n","protected":false},"excerpt":{"rendered":"<p>DDer Soldat Franz Weber wurde 20.12.1926 in Riedb\u00f6hringen geboren, einem Ortsteil der Stadt Blumberg im heutigen Bundesland Baden-W\u00fcrttemberg. Im Zweiten Weltkrieg k\u00e4mpfte er als Grenadier in der Wehrmacht. Am 07.12.1944 fiel er im Alter von nur 17 Jahren bei Enchenberg, in der N\u00e4he von Bitsch (Lothringen). Man begrub Franz Weber auf dem Soldatenfriedhof Niederbronn-les-Bains in &hellip; <a href=\"http:\/\/soldatenschicksale.de\/?p=624\" class=\"more-link\"><span class=\"screen-reader-text\">\u201eSoldatenschicksale des 2. Weltkrieges Teil 74: Franz Weber\u201c <\/span>weiterlesen<\/a><\/p>\n","protected":false},"author":2,"featured_media":0,"comment_status":"closed","ping_status":"open","sticky":false,"template":"","format":"standard","meta":{"footnotes":"","_wp_rev_ctl_limit":""},"categories":[76,923,75],"tags":[99,411,410,412,78,308,413,336,409,14,239],"class_list":["post-624","post","type-post","status-publish","format-standard","hentry","category-frankreich","category-lothringen","category-westfront","tag-baden-wuerttemberg","tag-bitsch","tag-blumberg","tag-enchenberg","tag-frankreich","tag-grenadier","tag-lothringen","tag-niederbronn-les-bains","tag-riedboehringen","tag-wehrmacht","tag-westfront"],"_links":{"self":[{"href":"http:\/\/soldatenschicksale.de\/index.php?rest_route=\/wp\/v2\/posts\/624","targetHints":{"allow":["GET"]}}],"collection":[{"href":"http:\/\/soldatenschicksale.de\/index.php?rest_route=\/wp\/v2\/posts"}],"about":[{"href":"http:\/\/soldatenschicksale.de\/index.php?rest_route=\/wp\/v2\/types\/post"}],"author":[{"embeddable":true,"href":"http:\/\/soldatenschicksale.de\/index.php?rest_route=\/wp\/v2\/users\/2"}],"replies":[{"embeddable":true,"href":"http:\/\/soldatenschicksale.de\/index.php?rest_route=%2Fwp%2Fv2%2Fcomments&post=624"}],"version-history":[{"count":0,"href":"http:\/\/soldatenschicksale.de\/index.php?rest_route=\/wp\/v2\/posts\/624\/revisions"}],"wp:attachment":[{"href":"http:\/\/soldatenschicksale.de\/index.php?rest_route=%2Fwp%2Fv2%2Fmedia&parent=624"}],"wp:term":[{"taxonomy":"category","embeddable":true,"href":"http:\/\/soldatenschicksale.de\/index.php?rest_route=%2Fwp%2Fv2%2Fcategories&post=624"},{"taxonomy":"post_tag","embeddable":true,"href":"http:\/\/soldatenschicksale.de\/index.php?rest_route=%2Fwp%2Fv2%2Ftags&post=624"}],"curies":[{"name":"wp","href":"https:\/\/api.w.org\/{rel}","templated":true}]}}