{"id":6251,"date":"2026-01-04T00:00:20","date_gmt":"2026-01-03T23:00:20","guid":{"rendered":"http:\/\/soldatenschicksale.de\/?p=6251"},"modified":"2025-07-03T10:24:41","modified_gmt":"2025-07-03T08:24:41","slug":"soldatenschicksale-des-1-weltkrieges-teil-497-georg-brindl","status":"publish","type":"post","link":"http:\/\/soldatenschicksale.de\/?p=6251","title":{"rendered":"Soldatenschicksale des 1. Weltkrieges Teil 497: Georg Brindl"},"content":{"rendered":"<p>Der Soldat Georg Brindl wurde am 31.08.1894 in der bayerischen Gemeinde <a href=\"https:\/\/de.wikipedia.org\/wiki\/Griesst%C3%A4tt\" target=\"_blank\" rel=\"noopener\">Griesst\u00e4tt<\/a> geboren. Im Ersten Weltkrieg k\u00e4mpfte er als Infanterist in der 3. Kompanie des 18. bayerischen Reserve-Infanterie-Regiments. Am 13.03.1915 fiel er w\u00e4hrend der K\u00e4mpfe in den Vogesen nahe der Stadt <a href=\"https:\/\/de.wikipedia.org\/wiki\/Munster_(Haut-Rhin)\" target=\"_blank\" rel=\"noopener\">M\u00fcnster<\/a> (franz\u00f6sisch: Munster, els\u00e4ssisch: Menschter). Georg Brindl wurde 20 Jahre alt.<\/p>\n<p>Man begrub Georg Brindl auf dem Soldatenfriedhof <span data-sheets-root=\"1\"><a class=\"in-cell-link\" href=\"https:\/\/goo.gl\/maps\/P4rSTZbxnXm\" target=\"_blank\" rel=\"noopener\">Munster<\/a><\/span> in <span data-sheets-root=\"1\">Block 2, Grab 40.<\/span><\/p>\n<figure id=\"attachment_4039\" aria-describedby=\"caption-attachment-4039\" style=\"width: 482px\" class=\"wp-caption aligncenter\"><img loading=\"lazy\" decoding=\"async\" class=\"size-full wp-image-4039\" src=\"http:\/\/soldatenschicksale.de\/wp-content\/uploads\/2025\/02\/Georg-Brindl-Martin-Mayer.jpg\" alt=\"\" width=\"482\" height=\"800\" srcset=\"http:\/\/soldatenschicksale.de\/wp-content\/uploads\/2025\/02\/Georg-Brindl-Martin-Mayer.jpg 482w, http:\/\/soldatenschicksale.de\/wp-content\/uploads\/2025\/02\/Georg-Brindl-Martin-Mayer-181x300.jpg 181w\" sizes=\"auto, (max-width: 482px) 85vw, 482px\" \/><figcaption id=\"caption-attachment-4039\" class=\"wp-caption-text\">Das Grab von Georg Brindl und Martin Mayer auf dem Soldatenfriedhof M\u00fcnster<\/figcaption><\/figure>\n","protected":false},"excerpt":{"rendered":"<p>Der Soldat Georg Brindl wurde am 31.08.1894 in der bayerischen Gemeinde Griesst\u00e4tt geboren. Im Ersten Weltkrieg k\u00e4mpfte er als Infanterist in der 3. Kompanie des 18. bayerischen Reserve-Infanterie-Regiments. Am 13.03.1915 fiel er w\u00e4hrend der K\u00e4mpfe in den Vogesen nahe der Stadt M\u00fcnster (franz\u00f6sisch: Munster, els\u00e4ssisch: Menschter). Georg Brindl wurde 20 Jahre alt. Man begrub Georg &hellip; <a href=\"http:\/\/soldatenschicksale.de\/?p=6251\" class=\"more-link\"><span class=\"screen-reader-text\">\u201eSoldatenschicksale des 1. Weltkrieges Teil 497: Georg Brindl\u201c <\/span>weiterlesen<\/a><\/p>\n","protected":false},"author":2,"featured_media":0,"comment_status":"closed","ping_status":"open","sticky":false,"template":"","format":"standard","meta":{"footnotes":"","_wp_rev_ctl_limit":""},"categories":[1007,76,988,468,75],"tags":[2063,21,303,78,990,2174,1056,1526,1486,306,239],"class_list":["post-6251","post","type-post","status-publish","format-standard","hentry","category-1-weltkrieg","category-frankreich","category-grand-est","category-vogesen-elsass","category-westfront","tag-18-bayerisches-reserve-infanterie-regiment","tag-bayern","tag-elsass","tag-frankreich","tag-grand-est","tag-griesstaett","tag-infanterist","tag-menschter","tag-muenster","tag-vogesen","tag-westfront"],"_links":{"self":[{"href":"http:\/\/soldatenschicksale.de\/index.php?rest_route=\/wp\/v2\/posts\/6251","targetHints":{"allow":["GET"]}}],"collection":[{"href":"http:\/\/soldatenschicksale.de\/index.php?rest_route=\/wp\/v2\/posts"}],"about":[{"href":"http:\/\/soldatenschicksale.de\/index.php?rest_route=\/wp\/v2\/types\/post"}],"author":[{"embeddable":true,"href":"http:\/\/soldatenschicksale.de\/index.php?rest_route=\/wp\/v2\/users\/2"}],"replies":[{"embeddable":true,"href":"http:\/\/soldatenschicksale.de\/index.php?rest_route=%2Fwp%2Fv2%2Fcomments&post=6251"}],"version-history":[{"count":3,"href":"http:\/\/soldatenschicksale.de\/index.php?rest_route=\/wp\/v2\/posts\/6251\/revisions"}],"predecessor-version":[{"id":6256,"href":"http:\/\/soldatenschicksale.de\/index.php?rest_route=\/wp\/v2\/posts\/6251\/revisions\/6256"}],"wp:attachment":[{"href":"http:\/\/soldatenschicksale.de\/index.php?rest_route=%2Fwp%2Fv2%2Fmedia&parent=6251"}],"wp:term":[{"taxonomy":"category","embeddable":true,"href":"http:\/\/soldatenschicksale.de\/index.php?rest_route=%2Fwp%2Fv2%2Fcategories&post=6251"},{"taxonomy":"post_tag","embeddable":true,"href":"http:\/\/soldatenschicksale.de\/index.php?rest_route=%2Fwp%2Fv2%2Ftags&post=6251"}],"curies":[{"name":"wp","href":"https:\/\/api.w.org\/{rel}","templated":true}]}}