{"id":6294,"date":"2026-01-09T00:00:00","date_gmt":"2026-01-08T23:00:00","guid":{"rendered":"http:\/\/soldatenschicksale.de\/?p=6294"},"modified":"2025-07-28T07:42:13","modified_gmt":"2025-07-28T05:42:13","slug":"soldatenschicksale-des-1-weltkrieges-teil-501-arnulf-arnold","status":"publish","type":"post","link":"http:\/\/soldatenschicksale.de\/?p=6294","title":{"rendered":"Soldatenschicksale des 1. Weltkrieges Teil 501: Arnulf Arnold"},"content":{"rendered":"<p>Der Soldat Arnulf Arnold stammte aus der bayerischen Gemeinde <a href=\"https:\/\/de.wikipedia.org\/wiki\/Tutzing\" target=\"_blank\" rel=\"noopener\">Tutzing<\/a>. Im Ersten Weltkrieg k\u00e4mpfte er als Reservist in der 3. Kompanie des 19. bayerischen Reserve-Infanterie-Regiments. Am 14.03.1915 fiel er w\u00e4hrend der K\u00e4mpfe in den Vogesen nahe der Stadt M\u00fcnster (franz\u00f6sisch: Munster, els\u00e4ssisch: Menschter).<\/p>\n<p>\u00dcber den Todestag und die Todesumst\u00e4nde von Arnulf Arnold berichtet die Regimentsgeschichte des 19. bayerischen Reserve-Infanterie-Regiments:<\/p>\n<blockquote><p><em>&#8222;Am 14.03. vormittags wurden durch unsere Minenwerfer mehrere Barrikaden und Unterst\u00e4nde im S\u00e4ttele zerst\u00f6rt und 5.45 Uhr abends konnte I.\/R. 18 melden &#8222;Die zerst\u00f6rten Teile der Barrikade sind durch eigene Patrouillen besetzt.&#8220; Eben freut man sich \u00fcber diesen sch\u00f6nen Erfolg, als die Schreckensnachricht eintraf, dass drei Volltreffer unseres den Reichackerkopf beschie\u00dfenden 21 Zentimeter-M\u00f6rsers in die n\u00f6rdlich der Kuppe eingesetzten 1.\/R. 19 (Leutnant Lindner) gegangen seien und 11 Mann get\u00f6tet und 9 Mann verwundet h\u00e4tten. Die trotz dieses furchtbaren Ungl\u00fccks von der Kompanie Lindner bewiesenen Haltung wurde von der Division durch besonders anerkennenden Tagesbefehl gew\u00fcrdigt.&#8220;<\/em><\/p><\/blockquote>\n<p>Man begrub Arnulf Arnold auf dem Soldatenfriedhof <span data-sheets-root=\"1\"><a class=\"in-cell-link\" href=\"https:\/\/goo.gl\/maps\/P4rSTZbxnXm\" target=\"_blank\" rel=\"noopener\">Munster<\/a><\/span> in <span data-sheets-root=\"1\">Block 2, Grab 45.<\/span><\/p>\n<p>In seiner Heimatgemeinde Tutzing gedenkt man Arnulf Arnold noch heute auf einem Denkmal:<a href=\"http:\/\/www.denkmalprojekt.org\/2020\/tutzing_lk-starnberg_wk1_bay.html\" target=\"_blank\" rel=\"noopener\"> http:\/\/www.denkmalprojekt.org\/2020\/tutzing_lk-starnberg_wk1_bay.html<\/a><\/p>\n<figure id=\"attachment_4040\" aria-describedby=\"caption-attachment-4040\" style=\"width: 579px\" class=\"wp-caption aligncenter\"><img loading=\"lazy\" decoding=\"async\" class=\"size-full wp-image-4040\" src=\"http:\/\/soldatenschicksale.de\/wp-content\/uploads\/2025\/02\/Anton-Flesch-Arnulf-Arnold.jpg\" alt=\"\" width=\"579\" height=\"800\" srcset=\"http:\/\/soldatenschicksale.de\/wp-content\/uploads\/2025\/02\/Anton-Flesch-Arnulf-Arnold.jpg 579w, http:\/\/soldatenschicksale.de\/wp-content\/uploads\/2025\/02\/Anton-Flesch-Arnulf-Arnold-217x300.jpg 217w\" sizes=\"auto, (max-width: 579px) 85vw, 579px\" \/><figcaption id=\"caption-attachment-4040\" class=\"wp-caption-text\">Das Grab von Anton Flesch und Arnulf Arnold auf dem Soldatenfriedhof M\u00fcnster<\/figcaption><\/figure>\n","protected":false},"excerpt":{"rendered":"<p>Der Soldat Arnulf Arnold stammte aus der bayerischen Gemeinde Tutzing. Im Ersten Weltkrieg k\u00e4mpfte er als Reservist in der 3. Kompanie des 19. bayerischen Reserve-Infanterie-Regiments. Am 14.03.1915 fiel er w\u00e4hrend der K\u00e4mpfe in den Vogesen nahe der Stadt M\u00fcnster (franz\u00f6sisch: Munster, els\u00e4ssisch: Menschter). \u00dcber den Todestag und die Todesumst\u00e4nde von Arnulf Arnold berichtet die Regimentsgeschichte &hellip; <a href=\"http:\/\/soldatenschicksale.de\/?p=6294\" class=\"more-link\"><span class=\"screen-reader-text\">\u201eSoldatenschicksale des 1. Weltkrieges Teil 501: Arnulf Arnold\u201c <\/span>weiterlesen<\/a><\/p>\n","protected":false},"author":2,"featured_media":0,"comment_status":"closed","ping_status":"open","sticky":false,"template":"","format":"standard","meta":{"footnotes":"","_wp_rev_ctl_limit":""},"categories":[1007,76,988,468,75],"tags":[2088,21,30,303,78,990,1526,1486,994,1166,2185,306,239],"class_list":["post-6294","post","type-post","status-publish","format-standard","hentry","category-1-weltkrieg","category-frankreich","category-grand-est","category-vogesen-elsass","category-westfront","tag-19-bayerisches-reserve-infanterie-regiment","tag-bayern","tag-denkmal","tag-elsass","tag-frankreich","tag-grand-est","tag-menschter","tag-muenster","tag-regimentsgeschichte","tag-reservist","tag-tutzing","tag-vogesen","tag-westfront"],"_links":{"self":[{"href":"http:\/\/soldatenschicksale.de\/index.php?rest_route=\/wp\/v2\/posts\/6294","targetHints":{"allow":["GET"]}}],"collection":[{"href":"http:\/\/soldatenschicksale.de\/index.php?rest_route=\/wp\/v2\/posts"}],"about":[{"href":"http:\/\/soldatenschicksale.de\/index.php?rest_route=\/wp\/v2\/types\/post"}],"author":[{"embeddable":true,"href":"http:\/\/soldatenschicksale.de\/index.php?rest_route=\/wp\/v2\/users\/2"}],"replies":[{"embeddable":true,"href":"http:\/\/soldatenschicksale.de\/index.php?rest_route=%2Fwp%2Fv2%2Fcomments&post=6294"}],"version-history":[{"count":3,"href":"http:\/\/soldatenschicksale.de\/index.php?rest_route=\/wp\/v2\/posts\/6294\/revisions"}],"predecessor-version":[{"id":6300,"href":"http:\/\/soldatenschicksale.de\/index.php?rest_route=\/wp\/v2\/posts\/6294\/revisions\/6300"}],"wp:attachment":[{"href":"http:\/\/soldatenschicksale.de\/index.php?rest_route=%2Fwp%2Fv2%2Fmedia&parent=6294"}],"wp:term":[{"taxonomy":"category","embeddable":true,"href":"http:\/\/soldatenschicksale.de\/index.php?rest_route=%2Fwp%2Fv2%2Fcategories&post=6294"},{"taxonomy":"post_tag","embeddable":true,"href":"http:\/\/soldatenschicksale.de\/index.php?rest_route=%2Fwp%2Fv2%2Ftags&post=6294"}],"curies":[{"name":"wp","href":"https:\/\/api.w.org\/{rel}","templated":true}]}}