{"id":6307,"date":"2026-01-11T00:00:17","date_gmt":"2026-01-10T23:00:17","guid":{"rendered":"http:\/\/soldatenschicksale.de\/?p=6307"},"modified":"2025-07-28T07:42:00","modified_gmt":"2025-07-28T05:42:00","slug":"soldatenschicksale-des-1-weltkrieges-teil-503-johann-maier","status":"publish","type":"post","link":"http:\/\/soldatenschicksale.de\/?p=6307","title":{"rendered":"Soldatenschicksale des 1. Weltkrieges Teil 503: Johann Maier"},"content":{"rendered":"<p>Der Soldat Johann Maier stammte aus der bayerischen Ortschaft Winden und k\u00e4mpfte im Ersten Weltkrieg als Wehrmann in der 6. Kompanie des 19. bayerischen Reserve-Infanterie-Regiments. Am 14.03.1915 fiel er w\u00e4hrend der K\u00e4mpfe in den Vogesen nahe der Stadt <a href=\"https:\/\/de.wikipedia.org\/wiki\/Munster_(Haut-Rhin)\" target=\"_blank\" rel=\"noopener\">M\u00fcnster<\/a> (franz\u00f6sisch: Munster, els\u00e4ssisch: Menschter).<\/p>\n<p>\u00dcber den Todestag und die Todesumst\u00e4nde von Johann Maier berichtet die Regimentsgeschichte des 19. bayerischen Reserve-Infanterie-Regiments:<\/p>\n<blockquote><p><em>&#8222;Am 14.03. vormittags wurden durch unsere Minenwerfer mehrere Barrikaden und Unterst\u00e4nde im S\u00e4ttele zerst\u00f6rt und 5.45 Uhr abends konnte I.\/R. 18 melden &#8222;Die zerst\u00f6rten Teile der Barrikade sind durch eigene Patrouillen besetzt.&#8220; Eben freut man sich \u00fcber diesen sch\u00f6nen Erfolg, als die Schreckensnachricht eintraf, dass drei Volltreffer unseres den Reichackerkopf beschie\u00dfenden 21 Zentimeter-M\u00f6rsers in die n\u00f6rdlich der Kuppe eingesetzten 1.\/R. 19 (Leutnant Lindner) gegangen seien und 11 Mann get\u00f6tet und 9 Mann verwundet h\u00e4tten. Die trotz dieses furchtbaren Ungl\u00fccks von der Kompanie Lindner bewiesenen Haltung wurde von der Division durch besonders anerkennenden Tagesbefehl gew\u00fcrdigt.&#8220;<\/em><\/p><\/blockquote>\n<p>Man begrub Johann Maier auf dem Soldatenfriedhof <span data-sheets-root=\"1\"><a class=\"in-cell-link\" href=\"https:\/\/goo.gl\/maps\/P4rSTZbxnXm\" target=\"_blank\" rel=\"noopener\">Munster<\/a><\/span> in <span data-sheets-root=\"1\">Block 2, Grab 47.<\/span><\/p>\n<figure id=\"attachment_4041\" aria-describedby=\"caption-attachment-4041\" style=\"width: 630px\" class=\"wp-caption aligncenter\"><img loading=\"lazy\" decoding=\"async\" class=\"size-full wp-image-4041\" src=\"http:\/\/soldatenschicksale.de\/wp-content\/uploads\/2025\/02\/Josef-Kirner-Johann-Maier.jpg\" alt=\"\" width=\"630\" height=\"800\" srcset=\"http:\/\/soldatenschicksale.de\/wp-content\/uploads\/2025\/02\/Josef-Kirner-Johann-Maier.jpg 630w, http:\/\/soldatenschicksale.de\/wp-content\/uploads\/2025\/02\/Josef-Kirner-Johann-Maier-236x300.jpg 236w\" sizes=\"auto, (max-width: 709px) 85vw, (max-width: 909px) 67vw, (max-width: 984px) 61vw, (max-width: 1362px) 45vw, 600px\" \/><figcaption id=\"caption-attachment-4041\" class=\"wp-caption-text\">Das Grab von Josef Kirner und Johann Maier auf dem Soldatenfriedhof M\u00fcnster<\/figcaption><\/figure>\n","protected":false},"excerpt":{"rendered":"<p>Der Soldat Johann Maier stammte aus der bayerischen Ortschaft Winden und k\u00e4mpfte im Ersten Weltkrieg als Wehrmann in der 6. Kompanie des 19. bayerischen Reserve-Infanterie-Regiments. Am 14.03.1915 fiel er w\u00e4hrend der K\u00e4mpfe in den Vogesen nahe der Stadt M\u00fcnster (franz\u00f6sisch: Munster, els\u00e4ssisch: Menschter). \u00dcber den Todestag und die Todesumst\u00e4nde von Johann Maier berichtet die Regimentsgeschichte &hellip; <a href=\"http:\/\/soldatenschicksale.de\/?p=6307\" class=\"more-link\"><span class=\"screen-reader-text\">\u201eSoldatenschicksale des 1. Weltkrieges Teil 503: Johann Maier\u201c <\/span>weiterlesen<\/a><\/p>\n","protected":false},"author":2,"featured_media":0,"comment_status":"closed","ping_status":"open","sticky":false,"template":"","format":"standard","meta":{"footnotes":"","_wp_rev_ctl_limit":""},"categories":[1007,76,988,468,75],"tags":[2088,21,303,78,990,1526,1486,994,306,239,2187],"class_list":["post-6307","post","type-post","status-publish","format-standard","hentry","category-1-weltkrieg","category-frankreich","category-grand-est","category-vogesen-elsass","category-westfront","tag-19-bayerisches-reserve-infanterie-regiment","tag-bayern","tag-elsass","tag-frankreich","tag-grand-est","tag-menschter","tag-muenster","tag-regimentsgeschichte","tag-vogesen","tag-westfront","tag-winden"],"_links":{"self":[{"href":"http:\/\/soldatenschicksale.de\/index.php?rest_route=\/wp\/v2\/posts\/6307","targetHints":{"allow":["GET"]}}],"collection":[{"href":"http:\/\/soldatenschicksale.de\/index.php?rest_route=\/wp\/v2\/posts"}],"about":[{"href":"http:\/\/soldatenschicksale.de\/index.php?rest_route=\/wp\/v2\/types\/post"}],"author":[{"embeddable":true,"href":"http:\/\/soldatenschicksale.de\/index.php?rest_route=\/wp\/v2\/users\/2"}],"replies":[{"embeddable":true,"href":"http:\/\/soldatenschicksale.de\/index.php?rest_route=%2Fwp%2Fv2%2Fcomments&post=6307"}],"version-history":[{"count":3,"href":"http:\/\/soldatenschicksale.de\/index.php?rest_route=\/wp\/v2\/posts\/6307\/revisions"}],"predecessor-version":[{"id":6313,"href":"http:\/\/soldatenschicksale.de\/index.php?rest_route=\/wp\/v2\/posts\/6307\/revisions\/6313"}],"wp:attachment":[{"href":"http:\/\/soldatenschicksale.de\/index.php?rest_route=%2Fwp%2Fv2%2Fmedia&parent=6307"}],"wp:term":[{"taxonomy":"category","embeddable":true,"href":"http:\/\/soldatenschicksale.de\/index.php?rest_route=%2Fwp%2Fv2%2Fcategories&post=6307"},{"taxonomy":"post_tag","embeddable":true,"href":"http:\/\/soldatenschicksale.de\/index.php?rest_route=%2Fwp%2Fv2%2Ftags&post=6307"}],"curies":[{"name":"wp","href":"https:\/\/api.w.org\/{rel}","templated":true}]}}