{"id":6332,"date":"2026-01-15T00:00:49","date_gmt":"2026-01-14T23:00:49","guid":{"rendered":"http:\/\/soldatenschicksale.de\/?p=6332"},"modified":"2025-07-28T07:41:34","modified_gmt":"2025-07-28T05:41:34","slug":"soldatenschicksale-des-1-weltkrieges-teil-507-andreas-kipfer","status":"publish","type":"post","link":"http:\/\/soldatenschicksale.de\/?p=6332","title":{"rendered":"Soldatenschicksale des 1. Weltkrieges Teil 507: Andreas Kipfer"},"content":{"rendered":"<p>Der Soldat Andreas Kipfer wurde am 08.07.1887 in <a href=\"https:\/\/de.wikipedia.org\/wiki\/Mosenberg_(Neuhaus_an_der_Pegnitz)\" target=\"_blank\" rel=\"noopener\">Mosenberg<\/a> geboren, einem Ortsteil der bayerischen Gemeinde <a href=\"https:\/\/de.wikipedia.org\/wiki\/Neuhaus_an_der_Pegnitz\" target=\"_blank\" rel=\"noopener\">Markt Neuhaus an der Pegnitz<\/a>. Im Ersten Weltkrieg k\u00e4mpfte er als Infanterist in der 6. Kompanie des 23. bayerischen Reserve-Infanterie-Regiments.Am 20.03.1915 fiel er im Alter von 27 Jahren w\u00e4hrend der K\u00e4mpfe in den Vogesen nahe der Stadt <a href=\"https:\/\/de.wikipedia.org\/wiki\/Munster_(Haut-Rhin)\" target=\"_blank\" rel=\"noopener\">M\u00fcnster<\/a> (franz\u00f6sisch: Munster, els\u00e4ssisch: Menschter). Er fiel bei der Erst\u00fcrmung des <a href=\"https:\/\/maps.app.goo.gl\/pNdix4QyWfDaPG1N7\" target=\"_blank\" rel=\"noopener\">Reichackerkopfes<\/a>.<\/p>\n<p>Der Todesort von Andreas Kipfer:<br \/>\n<iframe loading=\"lazy\" style=\"border: 0;\" src=\"https:\/\/www.google.com\/maps\/embed?pb=!1m18!1m12!1m3!1d21341.205793544876!2d7.077691527149143!3d48.039772272262!2m3!1f0!2f0!3f0!3m2!1i1024!2i768!4f13.1!3m3!1m2!1s0x4793d9eb5707b8cb%3A0x4b5c3f1aa28eac17!2sReichsackerkopf!5e0!3m2!1sde!2sde!4v1753349937068!5m2!1sde!2sde\" width=\"600\" height=\"450\" allowfullscreen=\"allowfullscreen\"><\/iframe><\/p>\n<p>\u00dcber den Todestag und die Todesumst\u00e4nde von Andreas Kipfer berichtet die Regimentsgeschichte des 23. bayerischen Reserve-Infanterie-Regiments:<\/p>\n<blockquote><p>&#8222;Am 20.03. hatten die Kompanien nach rastloser Arbeit um 9 Uhr vormittags alle Vorbereitungen zum Angriff vollendet und die Sturmkolonnen in ihre Pl\u00e4tze eingewiesen.<\/p>\n<p>Obwohl zu unser aller Leidwesen andere Truppen als Sturmkolonnen befohlen wurden, so schlossen sich doch viele Leute dem Sturm an und drangen mit Hurra in die feindlichen Reihen, um die Fr\u00fcchte ihres angestrengten Schaffens mitpfl\u00fccken zu d\u00fcrfen. Bei der 8. Kompanie befindlich war ich selbst Zeuge dieser Begeisterung.&#8220;<\/p>\n<p>Der Kampf hatte dem II.\/23. wiederum einen Verlust von 18 Toten 73 Verwundeten und 4 Vermissten gekostet. Nach gelungenem Sturm wurde das Bataillon herausgezogen und r\u00fcckte nach M\u00fcnster in Ruhe.<\/p>\n<p>Wohl oder \u00fcbel mussten sich die Franzosen mit dem Verlust des Reichackerkopfes abfinden, nachdem zwei Gegenangriffe, die sie am 21. und 31.03. unternahmen, in die jedoch das Regiment nicht verwickelt wurde, keinen Erfolg hatten.&#8220;<\/p><\/blockquote>\n<p>Man begrub Andreas Kipfer auf dem Soldatenfriedhof <span data-sheets-root=\"1\"><a class=\"in-cell-link\" href=\"https:\/\/goo.gl\/maps\/P4rSTZbxnXm\" target=\"_blank\" rel=\"noopener\">Munster<\/a><\/span> in <span data-sheets-root=\"1\">Block 2, Grab 51.<\/span><\/p>\n<p>In seinem Heimatort Mosenberg gedenkt man Andreas Kipfer noch heute auf einem Denkmal: <a href=\"http:\/\/www.denkmalprojekt.org\/2019\/mosenberg_mkt-neuhaus-peg_lk-nuernberger-land_wk1_wk2_bay.html\" target=\"_blank\" rel=\"noopener\">http:\/\/www.denkmalprojekt.org\/2019\/mosenberg_mkt-neuhaus-peg_lk-nuernberger-land_wk1_wk2_bay.html<\/a>, ebenso in Markt Neuhaus an der Pegnitz: <a href=\"http:\/\/www.denkmalprojekt.org\/2019\/neuhaus-peg_lk-nuernberger-land_70-71_wk1_wk2_bay.html\" target=\"_blank\" rel=\"noopener\">http:\/\/www.denkmalprojekt.org\/2019\/neuhaus-peg_lk-nuernberger-land_70-71_wk1_wk2_bay.html<\/a><\/p>\n<figure id=\"attachment_4043\" aria-describedby=\"caption-attachment-4043\" style=\"width: 571px\" class=\"wp-caption aligncenter\"><img loading=\"lazy\" decoding=\"async\" class=\"size-full wp-image-4043\" src=\"http:\/\/soldatenschicksale.de\/wp-content\/uploads\/2025\/02\/Michael-Schaeffer-Andreas-Kipfer.jpg\" alt=\"\" width=\"571\" height=\"800\" srcset=\"http:\/\/soldatenschicksale.de\/wp-content\/uploads\/2025\/02\/Michael-Schaeffer-Andreas-Kipfer.jpg 571w, http:\/\/soldatenschicksale.de\/wp-content\/uploads\/2025\/02\/Michael-Schaeffer-Andreas-Kipfer-214x300.jpg 214w\" sizes=\"auto, (max-width: 571px) 85vw, 571px\" \/><figcaption id=\"caption-attachment-4043\" class=\"wp-caption-text\">Das Grab von Michael Sch\u00e4ffer und Andreas Kipfer auf dem Soldatenfriedhof M\u00fcnster<\/figcaption><\/figure>\n","protected":false},"excerpt":{"rendered":"<p>Der Soldat Andreas Kipfer wurde am 08.07.1887 in Mosenberg geboren, einem Ortsteil der bayerischen Gemeinde Markt Neuhaus an der Pegnitz. Im Ersten Weltkrieg k\u00e4mpfte er als Infanterist in der 6. Kompanie des 23. bayerischen Reserve-Infanterie-Regiments.Am 20.03.1915 fiel er im Alter von 27 Jahren w\u00e4hrend der K\u00e4mpfe in den Vogesen nahe der Stadt M\u00fcnster (franz\u00f6sisch: Munster, &hellip; <a href=\"http:\/\/soldatenschicksale.de\/?p=6332\" class=\"more-link\"><span class=\"screen-reader-text\">\u201eSoldatenschicksale des 1. Weltkrieges Teil 507: Andreas Kipfer\u201c <\/span>weiterlesen<\/a><\/p>\n","protected":false},"author":2,"featured_media":0,"comment_status":"closed","ping_status":"open","sticky":false,"template":"","format":"standard","meta":{"footnotes":"","_wp_rev_ctl_limit":""},"categories":[1007,76,988,468,75],"tags":[2117,21,30,303,78,990,1056,2193,1526,2192,1486,1661,306,239],"class_list":["post-6332","post","type-post","status-publish","format-standard","hentry","category-1-weltkrieg","category-frankreich","category-grand-est","category-vogesen-elsass","category-westfront","tag-23-bayerisches-reserve-infanterie-regiment","tag-bayern","tag-denkmal","tag-elsass","tag-frankreich","tag-grand-est","tag-infanterist","tag-markt-neuhaus-an-der-pegnitz","tag-menschter","tag-mosenberg","tag-muenster","tag-reichackerkopf","tag-vogesen","tag-westfront"],"_links":{"self":[{"href":"http:\/\/soldatenschicksale.de\/index.php?rest_route=\/wp\/v2\/posts\/6332","targetHints":{"allow":["GET"]}}],"collection":[{"href":"http:\/\/soldatenschicksale.de\/index.php?rest_route=\/wp\/v2\/posts"}],"about":[{"href":"http:\/\/soldatenschicksale.de\/index.php?rest_route=\/wp\/v2\/types\/post"}],"author":[{"embeddable":true,"href":"http:\/\/soldatenschicksale.de\/index.php?rest_route=\/wp\/v2\/users\/2"}],"replies":[{"embeddable":true,"href":"http:\/\/soldatenschicksale.de\/index.php?rest_route=%2Fwp%2Fv2%2Fcomments&post=6332"}],"version-history":[{"count":3,"href":"http:\/\/soldatenschicksale.de\/index.php?rest_route=\/wp\/v2\/posts\/6332\/revisions"}],"predecessor-version":[{"id":6338,"href":"http:\/\/soldatenschicksale.de\/index.php?rest_route=\/wp\/v2\/posts\/6332\/revisions\/6338"}],"wp:attachment":[{"href":"http:\/\/soldatenschicksale.de\/index.php?rest_route=%2Fwp%2Fv2%2Fmedia&parent=6332"}],"wp:term":[{"taxonomy":"category","embeddable":true,"href":"http:\/\/soldatenschicksale.de\/index.php?rest_route=%2Fwp%2Fv2%2Fcategories&post=6332"},{"taxonomy":"post_tag","embeddable":true,"href":"http:\/\/soldatenschicksale.de\/index.php?rest_route=%2Fwp%2Fv2%2Ftags&post=6332"}],"curies":[{"name":"wp","href":"https:\/\/api.w.org\/{rel}","templated":true}]}}