{"id":6339,"date":"2026-01-16T00:00:26","date_gmt":"2026-01-15T23:00:26","guid":{"rendered":"http:\/\/soldatenschicksale.de\/?p=6339"},"modified":"2025-07-28T07:41:29","modified_gmt":"2025-07-28T05:41:29","slug":"soldatenschicksale-des-1-weltkrieges-teil-508-josef-reiner","status":"publish","type":"post","link":"http:\/\/soldatenschicksale.de\/?p=6339","title":{"rendered":"Soldatenschicksale des 1. Weltkrieges Teil 508: Kastulus Pr\u00f6bstl"},"content":{"rendered":"<p>Der Soldat Kastulus Pr\u00f6bstl stammte aus der bayerischen Stadt <a href=\"https:\/\/de.wikipedia.org\/wiki\/Grafing_bei_M%C3%BCnchen\" target=\"_blank\" rel=\"noopener\">Grafing<\/a>. Im Ersten Weltkrieg diente er als Infanterist in der 6. Kompanie des 18. bayerischen Reserve-Infanterie-Regiments. Am 09.03.1915 starb er w\u00e4hrend der K\u00e4mpfe in der N\u00e4he der Stadt <a href=\"https:\/\/de.wikipedia.org\/wiki\/Munster_(Haut-Rhin)\" target=\"_blank\" rel=\"noopener\">M\u00fcnster<\/a> (franz\u00f6sisch: Munster, els\u00e4ssisch: Menschter) in einem Lazarett in M\u00fcnster.<\/p>\n<p>Man begrub Kastulus Pr\u00f6bstl auf dem Soldatenfriedhof <span data-sheets-root=\"1\"><a class=\"in-cell-link\" href=\"https:\/\/goo.gl\/maps\/P4rSTZbxnXm\" target=\"_blank\" rel=\"noopener\">Munster<\/a><\/span> in <span data-sheets-root=\"1\">Block 2, Grab 56.<\/span><\/p>\n<p>In seiner Heimatstadt Grafing gedenkt man Kastulus Pr\u00f6bstl noch heute auf einem Denkmal: <a href=\"http:\/\/www.denkmalprojekt.org\/2009\/grafing_bei_muenchen_wk1u2_bay.htm\" target=\"_blank\" rel=\"noopener\">http:\/\/www.denkmalprojekt.org\/2009\/grafing_bei_muenchen_wk1u2_bay.htm<\/a><\/p>\n<figure id=\"attachment_4045\" aria-describedby=\"caption-attachment-4045\" style=\"width: 503px\" class=\"wp-caption aligncenter\"><img loading=\"lazy\" decoding=\"async\" class=\"size-full wp-image-4045\" src=\"http:\/\/soldatenschicksale.de\/wp-content\/uploads\/2025\/02\/Kastulus-Proebstl-Rudolf-Schuff.jpg\" alt=\"\" width=\"503\" height=\"800\" srcset=\"http:\/\/soldatenschicksale.de\/wp-content\/uploads\/2025\/02\/Kastulus-Proebstl-Rudolf-Schuff.jpg 503w, http:\/\/soldatenschicksale.de\/wp-content\/uploads\/2025\/02\/Kastulus-Proebstl-Rudolf-Schuff-189x300.jpg 189w\" sizes=\"auto, (max-width: 503px) 85vw, 503px\" \/><figcaption id=\"caption-attachment-4045\" class=\"wp-caption-text\">Das Grab von Kastulus Pr\u00f6bstl Rudolf Schuff auf dem Soldatenfriedhof M\u00fcnster<\/figcaption><\/figure>\n<p>&nbsp;<\/p>\n","protected":false},"excerpt":{"rendered":"<p>Der Soldat Kastulus Pr\u00f6bstl stammte aus der bayerischen Stadt Grafing. Im Ersten Weltkrieg diente er als Infanterist in der 6. Kompanie des 18. bayerischen Reserve-Infanterie-Regiments. Am 09.03.1915 starb er w\u00e4hrend der K\u00e4mpfe in der N\u00e4he der Stadt M\u00fcnster (franz\u00f6sisch: Munster, els\u00e4ssisch: Menschter) in einem Lazarett in M\u00fcnster. Man begrub Kastulus Pr\u00f6bstl auf dem Soldatenfriedhof Munster &hellip; <a href=\"http:\/\/soldatenschicksale.de\/?p=6339\" class=\"more-link\"><span class=\"screen-reader-text\">\u201eSoldatenschicksale des 1. Weltkrieges Teil 508: Kastulus Pr\u00f6bstl\u201c <\/span>weiterlesen<\/a><\/p>\n","protected":false},"author":2,"featured_media":0,"comment_status":"closed","ping_status":"open","sticky":false,"template":"","format":"standard","meta":{"footnotes":"","_wp_rev_ctl_limit":""},"categories":[1007,76,988,468,75],"tags":[2063,21,30,303,78,2194,990,1056,1526,1486,355,306,239],"class_list":["post-6339","post","type-post","status-publish","format-standard","hentry","category-1-weltkrieg","category-frankreich","category-grand-est","category-vogesen-elsass","category-westfront","tag-18-bayerisches-reserve-infanterie-regiment","tag-bayern","tag-denkmal","tag-elsass","tag-frankreich","tag-grafing","tag-grand-est","tag-infanterist","tag-menschter","tag-muenster","tag-schwer-verwundet","tag-vogesen","tag-westfront"],"_links":{"self":[{"href":"http:\/\/soldatenschicksale.de\/index.php?rest_route=\/wp\/v2\/posts\/6339","targetHints":{"allow":["GET"]}}],"collection":[{"href":"http:\/\/soldatenschicksale.de\/index.php?rest_route=\/wp\/v2\/posts"}],"about":[{"href":"http:\/\/soldatenschicksale.de\/index.php?rest_route=\/wp\/v2\/types\/post"}],"author":[{"embeddable":true,"href":"http:\/\/soldatenschicksale.de\/index.php?rest_route=\/wp\/v2\/users\/2"}],"replies":[{"embeddable":true,"href":"http:\/\/soldatenschicksale.de\/index.php?rest_route=%2Fwp%2Fv2%2Fcomments&post=6339"}],"version-history":[{"count":3,"href":"http:\/\/soldatenschicksale.de\/index.php?rest_route=\/wp\/v2\/posts\/6339\/revisions"}],"predecessor-version":[{"id":6348,"href":"http:\/\/soldatenschicksale.de\/index.php?rest_route=\/wp\/v2\/posts\/6339\/revisions\/6348"}],"wp:attachment":[{"href":"http:\/\/soldatenschicksale.de\/index.php?rest_route=%2Fwp%2Fv2%2Fmedia&parent=6339"}],"wp:term":[{"taxonomy":"category","embeddable":true,"href":"http:\/\/soldatenschicksale.de\/index.php?rest_route=%2Fwp%2Fv2%2Fcategories&post=6339"},{"taxonomy":"post_tag","embeddable":true,"href":"http:\/\/soldatenschicksale.de\/index.php?rest_route=%2Fwp%2Fv2%2Ftags&post=6339"}],"curies":[{"name":"wp","href":"https:\/\/api.w.org\/{rel}","templated":true}]}}