{"id":6388,"date":"2026-01-22T00:00:10","date_gmt":"2026-01-21T23:00:10","guid":{"rendered":"http:\/\/soldatenschicksale.de\/?p=6388"},"modified":"2025-07-28T07:08:44","modified_gmt":"2025-07-28T05:08:44","slug":"soldatenschicksale-des-1-weltkrieges-teil-514-paul-r-schellhorn","status":"publish","type":"post","link":"http:\/\/soldatenschicksale.de\/?p=6388","title":{"rendered":"Soldatenschicksale des 1. Weltkrieges Teil 514: Paul R. Schellhorn"},"content":{"rendered":"<p>Der Soldat Paul R. Schellhorn stammte aus der bayerischen Stadt <a href=\"https:\/\/de.wikipedia.org\/wiki\/N%C3%BCrnberg\" target=\"_blank\" rel=\"noopener\">N\u00fcrnberg<\/a>. Im Ersten Weltkrieg k\u00e4mpfte er als Gefreiter in der Maschinengewehr-Abteilung des 23. bayerischen Reserve-Infanterie-Regiments. Am 14.08.1915 fiel er w\u00e4hrend der K\u00e4mpfe in den Vogesen bei der Stadt <a href=\"https:\/\/de.wikipedia.org\/wiki\/Munster_(Haut-Rhin)\" target=\"_blank\" rel=\"noopener\">M\u00fcnster<\/a> (franz\u00f6sisch: Munster, els\u00e4ssisch: Menschter). Er wurde ein Opfer der 2. Schlacht um M\u00fcnster und fiel am <a href=\"https:\/\/maps.app.goo.gl\/ebKmEceQpSraqJWo7\" target=\"_blank\" rel=\"noopener\">Barrenkopf<\/a> und <a href=\"https:\/\/maps.app.goo.gl\/WcgQa1XtESBtVZLj6\" target=\"_blank\" rel=\"noopener\">Schratm\u00e4nnele<\/a>.<\/p>\n<p>Man begrub Paul R. Schellhorn auf dem Soldatenfriedhof <span data-sheets-root=\"1\"><a class=\"in-cell-link\" href=\"https:\/\/goo.gl\/maps\/P4rSTZbxnXm\" target=\"_blank\" rel=\"noopener\">Munster<\/a><\/span> in <span data-sheets-root=\"1\">Block 1, Grab 66.<\/span><\/p>\n<figure id=\"attachment_4050\" aria-describedby=\"caption-attachment-4050\" style=\"width: 498px\" class=\"wp-caption aligncenter\"><img loading=\"lazy\" decoding=\"async\" class=\"size-full wp-image-4050\" src=\"http:\/\/soldatenschicksale.de\/wp-content\/uploads\/2025\/02\/Paul-Schellhorn-Hermann-Rampendahl.jpg\" alt=\"\" width=\"498\" height=\"800\" srcset=\"http:\/\/soldatenschicksale.de\/wp-content\/uploads\/2025\/02\/Paul-Schellhorn-Hermann-Rampendahl.jpg 498w, http:\/\/soldatenschicksale.de\/wp-content\/uploads\/2025\/02\/Paul-Schellhorn-Hermann-Rampendahl-187x300.jpg 187w\" sizes=\"auto, (max-width: 498px) 85vw, 498px\" \/><figcaption id=\"caption-attachment-4050\" class=\"wp-caption-text\">Das Grab von Paul R. Schellhorn auf dem Soldatenfriedhof M\u00fcnster<\/figcaption><\/figure>\n","protected":false},"excerpt":{"rendered":"<p>Der Soldat Paul R. Schellhorn stammte aus der bayerischen Stadt N\u00fcrnberg. Im Ersten Weltkrieg k\u00e4mpfte er als Gefreiter in der Maschinengewehr-Abteilung des 23. bayerischen Reserve-Infanterie-Regiments. Am 14.08.1915 fiel er w\u00e4hrend der K\u00e4mpfe in den Vogesen bei der Stadt M\u00fcnster (franz\u00f6sisch: Munster, els\u00e4ssisch: Menschter). Er wurde ein Opfer der 2. Schlacht um M\u00fcnster und fiel am &hellip; <a href=\"http:\/\/soldatenschicksale.de\/?p=6388\" class=\"more-link\"><span class=\"screen-reader-text\">\u201eSoldatenschicksale des 1. Weltkrieges Teil 514: Paul R. Schellhorn\u201c <\/span>weiterlesen<\/a><\/p>\n","protected":false},"author":2,"featured_media":0,"comment_status":"closed","ping_status":"open","sticky":false,"template":"","format":"standard","meta":{"footnotes":"","_wp_rev_ctl_limit":""},"categories":[1007,76,988,468,75],"tags":[2117,21,303,78,11,990,2206,1526,1486,1491,306,239,1674],"class_list":["post-6388","post","type-post","status-publish","format-standard","hentry","category-1-weltkrieg","category-frankreich","category-grand-est","category-vogesen-elsass","category-westfront","tag-23-bayerisches-reserve-infanterie-regiment","tag-bayern","tag-elsass","tag-frankreich","tag-gefreiter","tag-grand-est","tag-maschinengewehr-abteilung","tag-menschter","tag-muenster","tag-nuernberg","tag-vogesen","tag-westfront","tag-zweite-schlacht-um-muenster"],"_links":{"self":[{"href":"http:\/\/soldatenschicksale.de\/index.php?rest_route=\/wp\/v2\/posts\/6388","targetHints":{"allow":["GET"]}}],"collection":[{"href":"http:\/\/soldatenschicksale.de\/index.php?rest_route=\/wp\/v2\/posts"}],"about":[{"href":"http:\/\/soldatenschicksale.de\/index.php?rest_route=\/wp\/v2\/types\/post"}],"author":[{"embeddable":true,"href":"http:\/\/soldatenschicksale.de\/index.php?rest_route=\/wp\/v2\/users\/2"}],"replies":[{"embeddable":true,"href":"http:\/\/soldatenschicksale.de\/index.php?rest_route=%2Fwp%2Fv2%2Fcomments&post=6388"}],"version-history":[{"count":3,"href":"http:\/\/soldatenschicksale.de\/index.php?rest_route=\/wp\/v2\/posts\/6388\/revisions"}],"predecessor-version":[{"id":6392,"href":"http:\/\/soldatenschicksale.de\/index.php?rest_route=\/wp\/v2\/posts\/6388\/revisions\/6392"}],"wp:attachment":[{"href":"http:\/\/soldatenschicksale.de\/index.php?rest_route=%2Fwp%2Fv2%2Fmedia&parent=6388"}],"wp:term":[{"taxonomy":"category","embeddable":true,"href":"http:\/\/soldatenschicksale.de\/index.php?rest_route=%2Fwp%2Fv2%2Fcategories&post=6388"},{"taxonomy":"post_tag","embeddable":true,"href":"http:\/\/soldatenschicksale.de\/index.php?rest_route=%2Fwp%2Fv2%2Ftags&post=6388"}],"curies":[{"name":"wp","href":"https:\/\/api.w.org\/{rel}","templated":true}]}}