{"id":6422,"date":"2026-01-28T00:00:46","date_gmt":"2026-01-27T23:00:46","guid":{"rendered":"http:\/\/soldatenschicksale.de\/?p=6422"},"modified":"2025-07-28T18:05:48","modified_gmt":"2025-07-28T16:05:48","slug":"soldatenschicksale-des-1-weltkrieges-teil-520-karl-doll","status":"publish","type":"post","link":"http:\/\/soldatenschicksale.de\/?p=6422","title":{"rendered":"Soldatenschicksale des 1. Weltkrieges Teil 520: Karl Doll UNFERTIg"},"content":{"rendered":"<p>Der Soldat Karl Doll k\u00e4mpfte im Ersten Weltkrieg als Kanonier in der 2. Batterie de 8. bayerischen Reserve-Feldartillerie-Regiments. Am 22.08.1915 fiel er w\u00e4hrend der K\u00e4mpfe in den Vogesen nahe der Stadt <a href=\"https:\/\/de.wikipedia.org\/wiki\/Munster_(Haut-Rhin)\" target=\"_blank\" rel=\"noopener\">M\u00fcnster<\/a> (franz\u00f6sisch: Munster, els\u00e4ssisch: Menschter).<\/p>\n<p>Man begrub Karl Doll auf dem Soldatenfriedhof <span data-sheets-root=\"1\"><a class=\"in-cell-link\" href=\"https:\/\/goo.gl\/maps\/P4rSTZbxnXm\" target=\"_blank\" rel=\"noopener\">Munster<\/a><\/span> in <span data-sheets-root=\"1\">Block 1, Grab 65.<\/span><\/p>\n<figure id=\"attachment_4051\" aria-describedby=\"caption-attachment-4051\" style=\"width: 496px\" class=\"wp-caption aligncenter\"><img loading=\"lazy\" decoding=\"async\" class=\"size-full wp-image-4051\" src=\"http:\/\/soldatenschicksale.de\/wp-content\/uploads\/2025\/02\/E.-Barth-Karl-Doll.jpg\" alt=\"\" width=\"496\" height=\"800\" srcset=\"http:\/\/soldatenschicksale.de\/wp-content\/uploads\/2025\/02\/E.-Barth-Karl-Doll.jpg 496w, http:\/\/soldatenschicksale.de\/wp-content\/uploads\/2025\/02\/E.-Barth-Karl-Doll-186x300.jpg 186w\" sizes=\"auto, (max-width: 496px) 85vw, 496px\" \/><figcaption id=\"caption-attachment-4051\" class=\"wp-caption-text\">Das Grab von E. Barth und Karl Doll auf dem Soldatenfriedhof M\u00fcnster<\/figcaption><\/figure>\n","protected":false},"excerpt":{"rendered":"<p>Der Soldat Karl Doll k\u00e4mpfte im Ersten Weltkrieg als Kanonier in der 2. Batterie de 8. bayerischen Reserve-Feldartillerie-Regiments. Am 22.08.1915 fiel er w\u00e4hrend der K\u00e4mpfe in den Vogesen nahe der Stadt M\u00fcnster (franz\u00f6sisch: Munster, els\u00e4ssisch: Menschter). Man begrub Karl Doll auf dem Soldatenfriedhof Munster in Block 1, Grab 65.<\/p>\n","protected":false},"author":2,"featured_media":0,"comment_status":"closed","ping_status":"open","sticky":false,"template":"","format":"standard","meta":{"footnotes":"","_wp_rev_ctl_limit":""},"categories":[1007,988,468,75],"tags":[2091,21,303,78,990,747,1526,1486,306,239],"class_list":["post-6422","post","type-post","status-publish","format-standard","hentry","category-1-weltkrieg","category-grand-est","category-vogesen-elsass","category-westfront","tag-8-bayerisches-reserve-feldartillerie-regiment","tag-bayern","tag-elsass","tag-frankreich","tag-grand-est","tag-kanonier","tag-menschter","tag-muenster","tag-vogesen","tag-westfront"],"_links":{"self":[{"href":"http:\/\/soldatenschicksale.de\/index.php?rest_route=\/wp\/v2\/posts\/6422","targetHints":{"allow":["GET"]}}],"collection":[{"href":"http:\/\/soldatenschicksale.de\/index.php?rest_route=\/wp\/v2\/posts"}],"about":[{"href":"http:\/\/soldatenschicksale.de\/index.php?rest_route=\/wp\/v2\/types\/post"}],"author":[{"embeddable":true,"href":"http:\/\/soldatenschicksale.de\/index.php?rest_route=\/wp\/v2\/users\/2"}],"replies":[{"embeddable":true,"href":"http:\/\/soldatenschicksale.de\/index.php?rest_route=%2Fwp%2Fv2%2Fcomments&post=6422"}],"version-history":[{"count":3,"href":"http:\/\/soldatenschicksale.de\/index.php?rest_route=\/wp\/v2\/posts\/6422\/revisions"}],"predecessor-version":[{"id":6427,"href":"http:\/\/soldatenschicksale.de\/index.php?rest_route=\/wp\/v2\/posts\/6422\/revisions\/6427"}],"wp:attachment":[{"href":"http:\/\/soldatenschicksale.de\/index.php?rest_route=%2Fwp%2Fv2%2Fmedia&parent=6422"}],"wp:term":[{"taxonomy":"category","embeddable":true,"href":"http:\/\/soldatenschicksale.de\/index.php?rest_route=%2Fwp%2Fv2%2Fcategories&post=6422"},{"taxonomy":"post_tag","embeddable":true,"href":"http:\/\/soldatenschicksale.de\/index.php?rest_route=%2Fwp%2Fv2%2Ftags&post=6422"}],"curies":[{"name":"wp","href":"https:\/\/api.w.org\/{rel}","templated":true}]}}