{"id":6551,"date":"2025-08-09T21:00:53","date_gmt":"2025-08-09T19:00:53","guid":{"rendered":"http:\/\/soldatenschicksale.de\/?p=6551"},"modified":"2025-08-09T18:38:09","modified_gmt":"2025-08-09T16:38:09","slug":"sonderbeitrag-josef-ketterer","status":"publish","type":"post","link":"http:\/\/soldatenschicksale.de\/?p=6551","title":{"rendered":"Sonderbeitrag: Josef Ketterer"},"content":{"rendered":"<p>Der Soldat Josef Ketterer stammte aus der Stadt <a href=\"https:\/\/de.wikipedia.org\/wiki\/Emmendingen\" target=\"_blank\" rel=\"noopener\">Emmendingen<\/a> im heutigen Bundesland Baden-W\u00fcrttemberg. Im Ersten Weltkrieg k\u00e4mpfte er als Musketier und Kriegsfreiwilliger in der 2. Kompanie des 29. Ersatz-Infanterie-Regiments. Am 23.04.1915 fiel er w\u00e4hrend der K\u00e4mpfe in den Vogesen nahe der Stadt <a href=\"https:\/\/de.wikipedia.org\/wiki\/Sainte-Marie-aux-Mines\" target=\"_blank\" rel=\"noopener\">Markirch <\/a>(franz\u00f6sisch: Sainte-Marie-aux-Mines).<\/p>\n<p>Man begrub Julius Kantorowiz auf dem Soldatenfriedhof <span data-sheets-root=\"1\"><a class=\"in-cell-link\" href=\"https:\/\/goo.gl\/maps\/iaaNf6puZKt\" target=\"_blank\" rel=\"noopener\">Ste.-Marie-aux-Mines<\/a><\/span> in <span data-sheets-root=\"1\">Block 4, Grab 57.<\/span><\/p>\n<p>In seiner Heimatstadt Emmendingen gedenkt man Josef Ketterer noch heute auf einem Denkmal: <a href=\"http:\/\/www.denkmalprojekt.org\/2016\/emmendingen_lk-emmendingen_wk1_bw.html\" target=\"_blank\" rel=\"noopener\">http:\/\/www.denkmalprojekt.org\/2016\/emmendingen_lk-emmendingen_wk1_bw.html<\/a><\/p>\n<figure id=\"attachment_6555\" aria-describedby=\"caption-attachment-6555\" style=\"width: 673px\" class=\"wp-caption aligncenter\"><img loading=\"lazy\" decoding=\"async\" class=\"size-full wp-image-6555\" src=\"http:\/\/soldatenschicksale.de\/wp-content\/uploads\/2025\/08\/Josef-Ketterer-Alois-Spitzemberger.jpg\" alt=\"\" width=\"673\" height=\"800\" srcset=\"http:\/\/soldatenschicksale.de\/wp-content\/uploads\/2025\/08\/Josef-Ketterer-Alois-Spitzemberger.jpg 673w, http:\/\/soldatenschicksale.de\/wp-content\/uploads\/2025\/08\/Josef-Ketterer-Alois-Spitzemberger-252x300.jpg 252w\" sizes=\"auto, (max-width: 709px) 85vw, (max-width: 909px) 67vw, (max-width: 984px) 61vw, (max-width: 1362px) 45vw, 600px\" \/><figcaption id=\"caption-attachment-6555\" class=\"wp-caption-text\">Das Grab von Josef Ketterer und Alois Spitzemberger auf dem Soldatenfriedhof Markirch (franz\u00f6sisch: Sainte-Marie-aux-Mines)<\/figcaption><\/figure>\n","protected":false},"excerpt":{"rendered":"<p>Der Soldat Josef Ketterer stammte aus der Stadt Emmendingen im heutigen Bundesland Baden-W\u00fcrttemberg. Im Ersten Weltkrieg k\u00e4mpfte er als Musketier und Kriegsfreiwilliger in der 2. Kompanie des 29. Ersatz-Infanterie-Regiments. Am 23.04.1915 fiel er w\u00e4hrend der K\u00e4mpfe in den Vogesen nahe der Stadt Markirch (franz\u00f6sisch: Sainte-Marie-aux-Mines). Man begrub Julius Kantorowiz auf dem Soldatenfriedhof Ste.-Marie-aux-Mines in Block &hellip; <a href=\"http:\/\/soldatenschicksale.de\/?p=6551\" class=\"more-link\"><span class=\"screen-reader-text\">\u201eSonderbeitrag: Josef Ketterer\u201c <\/span>weiterlesen<\/a><\/p>\n","protected":false},"author":2,"featured_media":0,"comment_status":"closed","ping_status":"open","sticky":false,"template":"","format":"standard","meta":{"footnotes":"","_wp_rev_ctl_limit":""},"categories":[1007,76,988,468,75],"tags":[2248,99,30,303,2247,78,990,1578,2227,1076,2239,2226,306,239],"class_list":["post-6551","post","type-post","status-publish","format-standard","hentry","category-1-weltkrieg","category-frankreich","category-grand-est","category-vogesen-elsass","category-westfront","tag-29-ersatz-infanterie-regiment","tag-baden-wuerttemberg","tag-denkmal","tag-elsass","tag-emmendingen","tag-frankreich","tag-grand-est","tag-kriegsfreiwilliger","tag-markirch","tag-musketier","tag-sainte-marie-aux-mines","tag-ste-marie-aux-mines","tag-vogesen","tag-westfront"],"_links":{"self":[{"href":"http:\/\/soldatenschicksale.de\/index.php?rest_route=\/wp\/v2\/posts\/6551","targetHints":{"allow":["GET"]}}],"collection":[{"href":"http:\/\/soldatenschicksale.de\/index.php?rest_route=\/wp\/v2\/posts"}],"about":[{"href":"http:\/\/soldatenschicksale.de\/index.php?rest_route=\/wp\/v2\/types\/post"}],"author":[{"embeddable":true,"href":"http:\/\/soldatenschicksale.de\/index.php?rest_route=\/wp\/v2\/users\/2"}],"replies":[{"embeddable":true,"href":"http:\/\/soldatenschicksale.de\/index.php?rest_route=%2Fwp%2Fv2%2Fcomments&post=6551"}],"version-history":[{"count":3,"href":"http:\/\/soldatenschicksale.de\/index.php?rest_route=\/wp\/v2\/posts\/6551\/revisions"}],"predecessor-version":[{"id":6560,"href":"http:\/\/soldatenschicksale.de\/index.php?rest_route=\/wp\/v2\/posts\/6551\/revisions\/6560"}],"wp:attachment":[{"href":"http:\/\/soldatenschicksale.de\/index.php?rest_route=%2Fwp%2Fv2%2Fmedia&parent=6551"}],"wp:term":[{"taxonomy":"category","embeddable":true,"href":"http:\/\/soldatenschicksale.de\/index.php?rest_route=%2Fwp%2Fv2%2Fcategories&post=6551"},{"taxonomy":"post_tag","embeddable":true,"href":"http:\/\/soldatenschicksale.de\/index.php?rest_route=%2Fwp%2Fv2%2Ftags&post=6551"}],"curies":[{"name":"wp","href":"https:\/\/api.w.org\/{rel}","templated":true}]}}