{"id":6592,"date":"2025-08-10T21:00:53","date_gmt":"2025-08-10T19:00:53","guid":{"rendered":"http:\/\/soldatenschicksale.de\/?p=6592"},"modified":"2025-08-10T18:35:50","modified_gmt":"2025-08-10T16:35:50","slug":"sonderbeitrag-heinrich-krapp","status":"publish","type":"post","link":"http:\/\/soldatenschicksale.de\/?p=6592","title":{"rendered":"Sonderbeitrag: Heinrich Krapp"},"content":{"rendered":"<p>Der Soldat Heinrich Krapp k\u00e4mpfte im Ersten Weltkrieg als Sch\u00fctze. Er fiel am 18.11.1916 w\u00e4hrend der K\u00e4mpfe in den Vogesen nahe der Stadt <a href=\"https:\/\/de.wikipedia.org\/wiki\/Sainte-Marie-aux-Mines\" target=\"_blank\" rel=\"noopener\">Markirch<\/a> (franz\u00f6sisch: Sainte-Marie-aux-Mines).<\/p>\n<p>Man begrub Heinrich Krapp auf dem Soldatenfriedhof <span data-sheets-root=\"1\"><a class=\"in-cell-link\" href=\"https:\/\/goo.gl\/maps\/iaaNf6puZKt\" target=\"_blank\" rel=\"noopener\">Ste.-Marie-aux-Mines<\/a><\/span> in Block 1, Grab 37.<\/p>\n<figure id=\"attachment_6593\" aria-describedby=\"caption-attachment-6593\" style=\"width: 730px\" class=\"wp-caption aligncenter\"><img loading=\"lazy\" decoding=\"async\" class=\"size-full wp-image-6593\" src=\"http:\/\/soldatenschicksale.de\/wp-content\/uploads\/2025\/08\/Heinrich-Krapp-1.jpg\" alt=\"\" width=\"730\" height=\"800\" srcset=\"http:\/\/soldatenschicksale.de\/wp-content\/uploads\/2025\/08\/Heinrich-Krapp-1.jpg 730w, http:\/\/soldatenschicksale.de\/wp-content\/uploads\/2025\/08\/Heinrich-Krapp-1-274x300.jpg 274w\" sizes=\"auto, (max-width: 709px) 85vw, (max-width: 909px) 67vw, (max-width: 984px) 61vw, (max-width: 1362px) 45vw, 600px\" \/><figcaption id=\"caption-attachment-6593\" class=\"wp-caption-text\">Das Grab von Heinrich Krapp auf dem Soldatenfriedhof Markirch (franz\u00f6sisch: Sainte-Marie-aux-Mines)<\/figcaption><\/figure>\n","protected":false},"excerpt":{"rendered":"<p>Der Soldat Heinrich Krapp k\u00e4mpfte im Ersten Weltkrieg als Sch\u00fctze. Er fiel am 18.11.1916 w\u00e4hrend der K\u00e4mpfe in den Vogesen nahe der Stadt Markirch (franz\u00f6sisch: Sainte-Marie-aux-Mines). Man begrub Heinrich Krapp auf dem Soldatenfriedhof Ste.-Marie-aux-Mines in Block 1, Grab 37.<\/p>\n","protected":false},"author":2,"featured_media":0,"comment_status":"closed","ping_status":"open","sticky":false,"template":"","format":"standard","meta":{"footnotes":"","_wp_rev_ctl_limit":""},"categories":[1007,76,988,468,75],"tags":[303,78,990,2239,184,2226,306,239],"class_list":["post-6592","post","type-post","status-publish","format-standard","hentry","category-1-weltkrieg","category-frankreich","category-grand-est","category-vogesen-elsass","category-westfront","tag-elsass","tag-frankreich","tag-grand-est","tag-sainte-marie-aux-mines","tag-schuetze","tag-ste-marie-aux-mines","tag-vogesen","tag-westfront"],"_links":{"self":[{"href":"http:\/\/soldatenschicksale.de\/index.php?rest_route=\/wp\/v2\/posts\/6592","targetHints":{"allow":["GET"]}}],"collection":[{"href":"http:\/\/soldatenschicksale.de\/index.php?rest_route=\/wp\/v2\/posts"}],"about":[{"href":"http:\/\/soldatenschicksale.de\/index.php?rest_route=\/wp\/v2\/types\/post"}],"author":[{"embeddable":true,"href":"http:\/\/soldatenschicksale.de\/index.php?rest_route=\/wp\/v2\/users\/2"}],"replies":[{"embeddable":true,"href":"http:\/\/soldatenschicksale.de\/index.php?rest_route=%2Fwp%2Fv2%2Fcomments&post=6592"}],"version-history":[{"count":3,"href":"http:\/\/soldatenschicksale.de\/index.php?rest_route=\/wp\/v2\/posts\/6592\/revisions"}],"predecessor-version":[{"id":6597,"href":"http:\/\/soldatenschicksale.de\/index.php?rest_route=\/wp\/v2\/posts\/6592\/revisions\/6597"}],"wp:attachment":[{"href":"http:\/\/soldatenschicksale.de\/index.php?rest_route=%2Fwp%2Fv2%2Fmedia&parent=6592"}],"wp:term":[{"taxonomy":"category","embeddable":true,"href":"http:\/\/soldatenschicksale.de\/index.php?rest_route=%2Fwp%2Fv2%2Fcategories&post=6592"},{"taxonomy":"post_tag","embeddable":true,"href":"http:\/\/soldatenschicksale.de\/index.php?rest_route=%2Fwp%2Fv2%2Ftags&post=6592"}],"curies":[{"name":"wp","href":"https:\/\/api.w.org\/{rel}","templated":true}]}}