{"id":6598,"date":"2025-08-11T01:00:11","date_gmt":"2025-08-10T23:00:11","guid":{"rendered":"http:\/\/soldatenschicksale.de\/?p=6598"},"modified":"2025-08-10T19:22:15","modified_gmt":"2025-08-10T17:22:15","slug":"sonderbeitrag-emil-hein","status":"publish","type":"post","link":"http:\/\/soldatenschicksale.de\/?p=6598","title":{"rendered":"Sonderbeitrag: Emil Hein"},"content":{"rendered":"<figure id=\"attachment_6605\" aria-describedby=\"caption-attachment-6605\" style=\"width: 94px\" class=\"wp-caption alignleft\"><img loading=\"lazy\" decoding=\"async\" class=\"size-full wp-image-6605\" src=\"http:\/\/soldatenschicksale.de\/wp-content\/uploads\/2025\/08\/luedenscheid_maerkischer-kreis_nrw_wk1_Hein-Emil.jpg\" alt=\"\" width=\"94\" height=\"150\" \/><figcaption id=\"caption-attachment-6605\" class=\"wp-caption-text\">Emil Hein<\/figcaption><\/figure>\n<p>Der Soldat Emil Hein wurde am 13.04.1881 in <a href=\"https:\/\/de.wikipedia.org\/wiki\/M%C3%BCsen\" target=\"_blank\" rel=\"noopener\">M\u00fcsen<\/a> geboren, einem Stadtteil der Stadt <a href=\"https:\/\/de.wikipedia.org\/wiki\/Hilchenbach\" target=\"_blank\" rel=\"noopener\">Hilchenbach<\/a> im heutigen Bundesland Nordrhein-Westfalen. Er war Lehrer in Wesselberg und <a href=\"https:\/\/maps.app.goo.gl\/KiZJGtGxauEUFgxk7\" target=\"_blank\" rel=\"noopener\">Spielwigge<\/a>.\u00a0 Im Ersten Weltkrieg k\u00e4mpfte er als Unteroffizier in der 5. Kompanie des 80. Landwehr-Infanterie-Regiments. Am 01.09.1915 fiel er w\u00e4hrend der K\u00e4mpfe in den Vogesen nahe der Stadt <a href=\"https:\/\/de.wikipedia.org\/wiki\/Sainte-Marie-aux-Mines\" target=\"_blank\" rel=\"noopener\">Markirch<\/a> (franz\u00f6sisch: Sainte-Marie-aux-Mines). Emil Hein fiel am Grenzkamm bei Markirch und wurde 34 Jahre alt.<\/p>\n<p>Man begrub Emil Hein auf dem Soldatenfriedhof <span data-sheets-root=\"1\"><a class=\"in-cell-link\" href=\"https:\/\/goo.gl\/maps\/iaaNf6puZKt\" target=\"_blank\" rel=\"noopener\">Ste.-Marie-aux-Mines<\/a><\/span> in <span data-sheets-root=\"1\">Block 4, Grab 46.<\/span><\/p>\n<figure id=\"attachment_6599\" aria-describedby=\"caption-attachment-6599\" style=\"width: 659px\" class=\"wp-caption aligncenter\"><img loading=\"lazy\" decoding=\"async\" class=\"size-full wp-image-6599\" src=\"http:\/\/soldatenschicksale.de\/wp-content\/uploads\/2025\/08\/Emil-Hein.jpg\" alt=\"\" width=\"659\" height=\"800\" srcset=\"http:\/\/soldatenschicksale.de\/wp-content\/uploads\/2025\/08\/Emil-Hein.jpg 659w, http:\/\/soldatenschicksale.de\/wp-content\/uploads\/2025\/08\/Emil-Hein-247x300.jpg 247w\" sizes=\"auto, (max-width: 709px) 85vw, (max-width: 909px) 67vw, (max-width: 984px) 61vw, (max-width: 1362px) 45vw, 600px\" \/><figcaption id=\"caption-attachment-6599\" class=\"wp-caption-text\">Das Grab von Emil Hein auf dem Soldatenfriedhof Markirch (franz\u00f6sisch: Sainte-Marie-aux-Mines)<\/figcaption><\/figure>\n","protected":false},"excerpt":{"rendered":"<p>Der Soldat Emil Hein wurde am 13.04.1881 in M\u00fcsen geboren, einem Stadtteil der Stadt Hilchenbach im heutigen Bundesland Nordrhein-Westfalen. Er war Lehrer in Wesselberg und Spielwigge.\u00a0 Im Ersten Weltkrieg k\u00e4mpfte er als Unteroffizier in der 5. Kompanie des 80. Landwehr-Infanterie-Regiments. Am 01.09.1915 fiel er w\u00e4hrend der K\u00e4mpfe in den Vogesen nahe der Stadt Markirch (franz\u00f6sisch: &hellip; <a href=\"http:\/\/soldatenschicksale.de\/?p=6598\" class=\"more-link\"><span class=\"screen-reader-text\">\u201eSonderbeitrag: Emil Hein\u201c <\/span>weiterlesen<\/a><\/p>\n","protected":false},"author":2,"featured_media":0,"comment_status":"closed","ping_status":"open","sticky":false,"template":"","format":"standard","meta":{"footnotes":"","_wp_rev_ctl_limit":""},"categories":[1007,76,988,468,75],"tags":[303,78,990,2260,2259,2227,2258,7,2239,2261,2226,306,2262,239],"class_list":["post-6598","post","type-post","status-publish","format-standard","hentry","category-1-weltkrieg","category-frankreich","category-grand-est","category-vogesen-elsass","category-westfront","tag-elsass","tag-frankreich","tag-grand-est","tag-grenzkamm","tag-hilchenbach","tag-markirch","tag-muesen","tag-nordrhein-westfalen","tag-sainte-marie-aux-mines","tag-spielwigge","tag-ste-marie-aux-mines","tag-vogesen","tag-wesselberg","tag-westfront"],"_links":{"self":[{"href":"http:\/\/soldatenschicksale.de\/index.php?rest_route=\/wp\/v2\/posts\/6598","targetHints":{"allow":["GET"]}}],"collection":[{"href":"http:\/\/soldatenschicksale.de\/index.php?rest_route=\/wp\/v2\/posts"}],"about":[{"href":"http:\/\/soldatenschicksale.de\/index.php?rest_route=\/wp\/v2\/types\/post"}],"author":[{"embeddable":true,"href":"http:\/\/soldatenschicksale.de\/index.php?rest_route=\/wp\/v2\/users\/2"}],"replies":[{"embeddable":true,"href":"http:\/\/soldatenschicksale.de\/index.php?rest_route=%2Fwp%2Fv2%2Fcomments&post=6598"}],"version-history":[{"count":3,"href":"http:\/\/soldatenschicksale.de\/index.php?rest_route=\/wp\/v2\/posts\/6598\/revisions"}],"predecessor-version":[{"id":6606,"href":"http:\/\/soldatenschicksale.de\/index.php?rest_route=\/wp\/v2\/posts\/6598\/revisions\/6606"}],"wp:attachment":[{"href":"http:\/\/soldatenschicksale.de\/index.php?rest_route=%2Fwp%2Fv2%2Fmedia&parent=6598"}],"wp:term":[{"taxonomy":"category","embeddable":true,"href":"http:\/\/soldatenschicksale.de\/index.php?rest_route=%2Fwp%2Fv2%2Fcategories&post=6598"},{"taxonomy":"post_tag","embeddable":true,"href":"http:\/\/soldatenschicksale.de\/index.php?rest_route=%2Fwp%2Fv2%2Ftags&post=6598"}],"curies":[{"name":"wp","href":"https:\/\/api.w.org\/{rel}","templated":true}]}}