{"id":6614,"date":"2025-08-11T03:00:36","date_gmt":"2025-08-11T01:00:36","guid":{"rendered":"http:\/\/soldatenschicksale.de\/?p=6614"},"modified":"2025-08-10T19:59:31","modified_gmt":"2025-08-10T17:59:31","slug":"sonderbeitrag-adolf-reinhold","status":"publish","type":"post","link":"http:\/\/soldatenschicksale.de\/?p=6614","title":{"rendered":"Sonderbeitrag: Adolf Reinhold"},"content":{"rendered":"<p>Der Soldat Adolf Reinhold wurde am 01.01.1892 in <a href=\"https:\/\/de.wikipedia.org\/wiki\/Obereisenheim\" target=\"_blank\" rel=\"noopener\">Obereisenheim<\/a>, einem Ortsteil der bayerischen Gemeinde <a href=\"https:\/\/de.wikipedia.org\/wiki\/Eisenheim\" target=\"_blank\" rel=\"noopener\">Eisenheim<\/a>, geboren. Im Ersten Weltkrieg k\u00e4mpfte er als Leutnant der Reserve in der 4. Kompanie des 12. Brigade-Ersatz-Bataillons. Urspr\u00fcnglich kam er vom 11. Infanterie-Regiment. Am 23.08.1914 fiel er w\u00e4hrend der K\u00e4mpfe in den Vogesen nahe der Stadt <a href=\"https:\/\/de.wikipedia.org\/wiki\/Sainte-Marie-aux-Mines\" target=\"_blank\" rel=\"noopener\">Markirch<\/a> (franz\u00f6sisch: Sainte-Marie-aux-Mines) am <a href=\"https:\/\/maps.app.goo.gl\/3vbSVqeWboxtgNMp8\" target=\"_blank\" rel=\"noopener\">Col de St. Marie<\/a>. Er wurde 22 Jahre alt.<\/p>\n<p>Man begrub Adolf Reinhold auf dem Soldatenfriedhof <span data-sheets-root=\"1\"><a class=\"in-cell-link\" href=\"https:\/\/goo.gl\/maps\/iaaNf6puZKt\" target=\"_blank\" rel=\"noopener\">Ste.-Marie-aux-Mines<\/a><\/span> in <span data-sheets-root=\"1\">Block 4, Grab 64.<\/span><\/p>\n<p>In der\u00a0 Erlanger Dreifaltigkeitskirche gedenkt man Adolf Reinhold noch heute auf einem Denkmal: <a href=\"http:\/\/www.denkmalprojekt.org\/2025\/erlangen-dreifaltigkeitskirche_wk1_wk2_by.html\" target=\"_blank\" rel=\"noopener\">http:\/\/www.denkmalprojekt.org\/2025\/erlangen-dreifaltigkeitskirche_wk1_wk2_by.html<\/a><\/p>\n<figure id=\"attachment_6615\" aria-describedby=\"caption-attachment-6615\" style=\"width: 627px\" class=\"wp-caption aligncenter\"><img loading=\"lazy\" decoding=\"async\" class=\"size-full wp-image-6615\" src=\"http:\/\/soldatenschicksale.de\/wp-content\/uploads\/2025\/08\/Adolf-Reinhold.jpg\" alt=\"\" width=\"627\" height=\"800\" srcset=\"http:\/\/soldatenschicksale.de\/wp-content\/uploads\/2025\/08\/Adolf-Reinhold.jpg 627w, http:\/\/soldatenschicksale.de\/wp-content\/uploads\/2025\/08\/Adolf-Reinhold-235x300.jpg 235w\" sizes=\"auto, (max-width: 709px) 85vw, (max-width: 909px) 67vw, (max-width: 984px) 61vw, (max-width: 1362px) 45vw, 600px\" \/><figcaption id=\"caption-attachment-6615\" class=\"wp-caption-text\">Das Grab von Adolf Reinhold auf dem Soldatenfriedhof Markirch (franz\u00f6sisch: Sainte-Marie-aux-Mines)<\/figcaption><\/figure>\n","protected":false},"excerpt":{"rendered":"<p>Der Soldat Adolf Reinhold wurde am 01.01.1892 in Obereisenheim, einem Ortsteil der bayerischen Gemeinde Eisenheim, geboren. Im Ersten Weltkrieg k\u00e4mpfte er als Leutnant der Reserve in der 4. Kompanie des 12. Brigade-Ersatz-Bataillons. Urspr\u00fcnglich kam er vom 11. Infanterie-Regiment. Am 23.08.1914 fiel er w\u00e4hrend der K\u00e4mpfe in den Vogesen nahe der Stadt Markirch (franz\u00f6sisch: Sainte-Marie-aux-Mines) am &hellip; <a href=\"http:\/\/soldatenschicksale.de\/?p=6614\" class=\"more-link\"><span class=\"screen-reader-text\">\u201eSonderbeitrag: Adolf Reinhold\u201c <\/span>weiterlesen<\/a><\/p>\n","protected":false},"author":2,"featured_media":0,"comment_status":"closed","ping_status":"open","sticky":false,"template":"","format":"standard","meta":{"footnotes":"","_wp_rev_ctl_limit":""},"categories":[1007,76,988,468,75],"tags":[2267,2263,2264,21,30,2266,303,78,990,1000,1005,2265,2239,2226,306,239],"class_list":["post-6614","post","type-post","status-publish","format-standard","hentry","category-1-weltkrieg","category-frankreich","category-grand-est","category-vogesen-elsass","category-westfront","tag-11-infanterie-regiment","tag-12-brigade-ersatz-bataillon","tag-arreisenham","tag-bayern","tag-denkmal","tag-eisenheim","tag-elsass","tag-frankreich","tag-grand-est","tag-leutnant","tag-leutnant-der-reserve","tag-obereisenheim","tag-sainte-marie-aux-mines","tag-ste-marie-aux-mines","tag-vogesen","tag-westfront"],"_links":{"self":[{"href":"http:\/\/soldatenschicksale.de\/index.php?rest_route=\/wp\/v2\/posts\/6614","targetHints":{"allow":["GET"]}}],"collection":[{"href":"http:\/\/soldatenschicksale.de\/index.php?rest_route=\/wp\/v2\/posts"}],"about":[{"href":"http:\/\/soldatenschicksale.de\/index.php?rest_route=\/wp\/v2\/types\/post"}],"author":[{"embeddable":true,"href":"http:\/\/soldatenschicksale.de\/index.php?rest_route=\/wp\/v2\/users\/2"}],"replies":[{"embeddable":true,"href":"http:\/\/soldatenschicksale.de\/index.php?rest_route=%2Fwp%2Fv2%2Fcomments&post=6614"}],"version-history":[{"count":3,"href":"http:\/\/soldatenschicksale.de\/index.php?rest_route=\/wp\/v2\/posts\/6614\/revisions"}],"predecessor-version":[{"id":6619,"href":"http:\/\/soldatenschicksale.de\/index.php?rest_route=\/wp\/v2\/posts\/6614\/revisions\/6619"}],"wp:attachment":[{"href":"http:\/\/soldatenschicksale.de\/index.php?rest_route=%2Fwp%2Fv2%2Fmedia&parent=6614"}],"wp:term":[{"taxonomy":"category","embeddable":true,"href":"http:\/\/soldatenschicksale.de\/index.php?rest_route=%2Fwp%2Fv2%2Fcategories&post=6614"},{"taxonomy":"post_tag","embeddable":true,"href":"http:\/\/soldatenschicksale.de\/index.php?rest_route=%2Fwp%2Fv2%2Ftags&post=6614"}],"curies":[{"name":"wp","href":"https:\/\/api.w.org\/{rel}","templated":true}]}}