{"id":6670,"date":"2025-08-12T18:00:48","date_gmt":"2025-08-12T16:00:48","guid":{"rendered":"http:\/\/soldatenschicksale.de\/?p=6670"},"modified":"2025-08-12T14:01:10","modified_gmt":"2025-08-12T12:01:10","slug":"die-kriegsgraeber-von-markirch-teil-2-heinrich-fickl","status":"publish","type":"post","link":"http:\/\/soldatenschicksale.de\/?p=6670","title":{"rendered":"Die Kriegsgr\u00e4ber von Markirch &#8211; Teil 2: Heinrich Fickl"},"content":{"rendered":"<p>Der Soldat Heinrich Fickl stammte aus der bayerischen Gemeinde <a href=\"https:\/\/de.wikipedia.org\/wiki\/Untermichelbach\" target=\"_blank\" rel=\"noopener\">Untermichelbach<\/a>. Im Ersten Weltkrieg k\u00e4mpfte er als Reservist in der 1. Kompanie des 11. bayerischen Brigade-Ersatz-Bataillons. Am 03.09.1914 fiel er w\u00e4hrend der K\u00e4mpfe in den Vogesen nahe der Stadt Markirch (franz\u00f6sisch: Sainte-Marie-aux-Mines).<\/p>\n<p>Man begrub Heinrich Fickl auf dem Soldatenfriedhof <span data-sheets-root=\"1\"><a class=\"in-cell-link\" href=\"https:\/\/goo.gl\/maps\/iaaNf6puZKt\" target=\"_blank\" rel=\"noopener\">Ste.-Marie-aux-Mines<\/a><\/span> in <span data-sheets-root=\"1\">Block 1, Grab 29.<\/span><\/p>\n<figure id=\"attachment_6658\" aria-describedby=\"caption-attachment-6658\" style=\"width: 537px\" class=\"wp-caption aligncenter\"><img loading=\"lazy\" decoding=\"async\" class=\"size-full wp-image-6658\" src=\"http:\/\/soldatenschicksale.de\/wp-content\/uploads\/2025\/08\/Heinrich-Fickl-Johann-Leistner.jpg\" alt=\"\" width=\"537\" height=\"800\" srcset=\"http:\/\/soldatenschicksale.de\/wp-content\/uploads\/2025\/08\/Heinrich-Fickl-Johann-Leistner.jpg 537w, http:\/\/soldatenschicksale.de\/wp-content\/uploads\/2025\/08\/Heinrich-Fickl-Johann-Leistner-201x300.jpg 201w\" sizes=\"auto, (max-width: 537px) 85vw, 537px\" \/><figcaption id=\"caption-attachment-6658\" class=\"wp-caption-text\">Das Grab von Heinrich Fickl und Johann Leistner auf dem Soldatenfriedhof Markirch (franz\u00f6sisch: Sainte-Marie-aux-Mines)<\/figcaption><\/figure>\n","protected":false},"excerpt":{"rendered":"<p>Der Soldat Heinrich Fickl stammte aus der bayerischen Gemeinde Untermichelbach. Im Ersten Weltkrieg k\u00e4mpfte er als Reservist in der 1. Kompanie des 11. bayerischen Brigade-Ersatz-Bataillons. Am 03.09.1914 fiel er w\u00e4hrend der K\u00e4mpfe in den Vogesen nahe der Stadt Markirch (franz\u00f6sisch: Sainte-Marie-aux-Mines). Man begrub Heinrich Fickl auf dem Soldatenfriedhof Ste.-Marie-aux-Mines in Block 1, Grab 29.<\/p>\n","protected":false},"author":2,"featured_media":0,"comment_status":"closed","ping_status":"open","sticky":false,"template":"","format":"standard","meta":{"footnotes":"","_wp_rev_ctl_limit":""},"categories":[1007,76,988,468,75],"tags":[2277,21,303,78,990,2227,1166,2239,2226,2278,306,239],"class_list":["post-6670","post","type-post","status-publish","format-standard","hentry","category-1-weltkrieg","category-frankreich","category-grand-est","category-vogesen-elsass","category-westfront","tag-11-bayerisches-birgade-ersatz-bataillon","tag-bayern","tag-elsass","tag-frankreich","tag-grand-est","tag-markirch","tag-reservist","tag-sainte-marie-aux-mines","tag-ste-marie-aux-mines","tag-untermichlbach","tag-vogesen","tag-westfront"],"_links":{"self":[{"href":"http:\/\/soldatenschicksale.de\/index.php?rest_route=\/wp\/v2\/posts\/6670","targetHints":{"allow":["GET"]}}],"collection":[{"href":"http:\/\/soldatenschicksale.de\/index.php?rest_route=\/wp\/v2\/posts"}],"about":[{"href":"http:\/\/soldatenschicksale.de\/index.php?rest_route=\/wp\/v2\/types\/post"}],"author":[{"embeddable":true,"href":"http:\/\/soldatenschicksale.de\/index.php?rest_route=\/wp\/v2\/users\/2"}],"replies":[{"embeddable":true,"href":"http:\/\/soldatenschicksale.de\/index.php?rest_route=%2Fwp%2Fv2%2Fcomments&post=6670"}],"version-history":[{"count":3,"href":"http:\/\/soldatenschicksale.de\/index.php?rest_route=\/wp\/v2\/posts\/6670\/revisions"}],"predecessor-version":[{"id":6675,"href":"http:\/\/soldatenschicksale.de\/index.php?rest_route=\/wp\/v2\/posts\/6670\/revisions\/6675"}],"wp:attachment":[{"href":"http:\/\/soldatenschicksale.de\/index.php?rest_route=%2Fwp%2Fv2%2Fmedia&parent=6670"}],"wp:term":[{"taxonomy":"category","embeddable":true,"href":"http:\/\/soldatenschicksale.de\/index.php?rest_route=%2Fwp%2Fv2%2Fcategories&post=6670"},{"taxonomy":"post_tag","embeddable":true,"href":"http:\/\/soldatenschicksale.de\/index.php?rest_route=%2Fwp%2Fv2%2Ftags&post=6670"}],"curies":[{"name":"wp","href":"https:\/\/api.w.org\/{rel}","templated":true}]}}