{"id":6676,"date":"2025-08-13T18:00:28","date_gmt":"2025-08-13T16:00:28","guid":{"rendered":"http:\/\/soldatenschicksale.de\/?p=6676"},"modified":"2025-08-12T14:16:11","modified_gmt":"2025-08-12T12:16:11","slug":"die-kriegsgraeber-von-markirch-teil-3-johann-leistner","status":"publish","type":"post","link":"http:\/\/soldatenschicksale.de\/?p=6676","title":{"rendered":"Die Kriegsgr\u00e4ber von Markirch &#8211; Teil 3: Johann Leistner"},"content":{"rendered":"<p>Der Soldat Johann Leistner wurde am 20.12.1873 in der bayerischen Stadt <a href=\"https:\/\/de.wikipedia.org\/wiki\/Gr%C3%A4fenberg\" target=\"_blank\" rel=\"noopener\">Gr\u00e4fenberg<\/a> geboren und war von Beruf Kutscher. Im Ersten Weltkrieg diente er als Landsturmmann in der 205. Wirtschafskompanie. Am 16.03.1918 verungl\u00fcckte er im Alter von 44 Jahren bei <a href=\"https:\/\/de.wikipedia.org\/wiki\/Ribeauvill%C3%A9\" target=\"_blank\" rel=\"noopener\">Rappoltsweiler<\/a> (franz\u00f6sisch: Ribeauvill\u00e9) t\u00f6dlich.<\/p>\n<p>Man begrub Johann Leistner auf dem Soldatenfriedhof <span data-sheets-root=\"1\"><a class=\"in-cell-link\" href=\"https:\/\/goo.gl\/maps\/iaaNf6puZKt\" target=\"_blank\" rel=\"noopener\">Ste.-Marie-aux-Mines<\/a><\/span> in <span data-sheets-root=\"1\">Block 1, Grab 30.<\/span><\/p>\n<figure id=\"attachment_6658\" aria-describedby=\"caption-attachment-6658\" style=\"width: 537px\" class=\"wp-caption aligncenter\"><img loading=\"lazy\" decoding=\"async\" class=\"size-full wp-image-6658\" src=\"http:\/\/soldatenschicksale.de\/wp-content\/uploads\/2025\/08\/Heinrich-Fickl-Johann-Leistner.jpg\" alt=\"\" width=\"537\" height=\"800\" srcset=\"http:\/\/soldatenschicksale.de\/wp-content\/uploads\/2025\/08\/Heinrich-Fickl-Johann-Leistner.jpg 537w, http:\/\/soldatenschicksale.de\/wp-content\/uploads\/2025\/08\/Heinrich-Fickl-Johann-Leistner-201x300.jpg 201w\" sizes=\"auto, (max-width: 537px) 85vw, 537px\" \/><figcaption id=\"caption-attachment-6658\" class=\"wp-caption-text\">Das Grab von Heinrich Fickl und Johann Leistner auf dem Soldatenfriedhof Markirch (franz\u00f6sisch: Sainte-Marie-aux-Mines)<\/figcaption><\/figure>\n","protected":false},"excerpt":{"rendered":"<p>Der Soldat Johann Leistner wurde am 20.12.1873 in der bayerischen Stadt Gr\u00e4fenberg geboren und war von Beruf Kutscher. Im Ersten Weltkrieg diente er als Landsturmmann in der 205. Wirtschafskompanie. Am 16.03.1918 verungl\u00fcckte er im Alter von 44 Jahren bei Rappoltsweiler (franz\u00f6sisch: Ribeauvill\u00e9) t\u00f6dlich. Man begrub Johann Leistner auf dem Soldatenfriedhof Ste.-Marie-aux-Mines in Block 1, Grab &hellip; <a href=\"http:\/\/soldatenschicksale.de\/?p=6676\" class=\"more-link\"><span class=\"screen-reader-text\">\u201eDie Kriegsgr\u00e4ber von Markirch &#8211; Teil 3: Johann Leistner\u201c <\/span>weiterlesen<\/a><\/p>\n","protected":false},"author":2,"featured_media":0,"comment_status":"closed","ping_status":"open","sticky":false,"template":"","format":"standard","meta":{"footnotes":"","_wp_rev_ctl_limit":""},"categories":[1007,76,988,468,75],"tags":[2281,21,303,2280,78,2279,990,2143,1094,2282,2283,858,306,239],"class_list":["post-6676","post","type-post","status-publish","format-standard","hentry","category-1-weltkrieg","category-frankreich","category-grand-est","category-vogesen-elsass","category-westfront","tag-205-wirtschaftskompanie","tag-bayern","tag-elsass","tag-franken","tag-frankreich","tag-graefenberg","tag-grand-est","tag-kutscher","tag-landsturmmann","tag-rappoltsweiler","tag-ribeauville","tag-toedlich-verunglueckt","tag-vogesen","tag-westfront"],"_links":{"self":[{"href":"http:\/\/soldatenschicksale.de\/index.php?rest_route=\/wp\/v2\/posts\/6676","targetHints":{"allow":["GET"]}}],"collection":[{"href":"http:\/\/soldatenschicksale.de\/index.php?rest_route=\/wp\/v2\/posts"}],"about":[{"href":"http:\/\/soldatenschicksale.de\/index.php?rest_route=\/wp\/v2\/types\/post"}],"author":[{"embeddable":true,"href":"http:\/\/soldatenschicksale.de\/index.php?rest_route=\/wp\/v2\/users\/2"}],"replies":[{"embeddable":true,"href":"http:\/\/soldatenschicksale.de\/index.php?rest_route=%2Fwp%2Fv2%2Fcomments&post=6676"}],"version-history":[{"count":3,"href":"http:\/\/soldatenschicksale.de\/index.php?rest_route=\/wp\/v2\/posts\/6676\/revisions"}],"predecessor-version":[{"id":6681,"href":"http:\/\/soldatenschicksale.de\/index.php?rest_route=\/wp\/v2\/posts\/6676\/revisions\/6681"}],"wp:attachment":[{"href":"http:\/\/soldatenschicksale.de\/index.php?rest_route=%2Fwp%2Fv2%2Fmedia&parent=6676"}],"wp:term":[{"taxonomy":"category","embeddable":true,"href":"http:\/\/soldatenschicksale.de\/index.php?rest_route=%2Fwp%2Fv2%2Fcategories&post=6676"},{"taxonomy":"post_tag","embeddable":true,"href":"http:\/\/soldatenschicksale.de\/index.php?rest_route=%2Fwp%2Fv2%2Ftags&post=6676"}],"curies":[{"name":"wp","href":"https:\/\/api.w.org\/{rel}","templated":true}]}}